{"id":19466,"date":"2023-01-12T17:33:05","date_gmt":"2023-01-12T17:33:05","guid":{"rendered":"http:\/\/lahora.mx\/?p=19466"},"modified":"2023-01-12T17:33:05","modified_gmt":"2023-01-12T17:33:05","slug":"lider-sindical-de-audi-no-consulta-a-la-base-para-aprobar-el-aumento-del-9-4","status":"publish","type":"post","link":"https:\/\/lahora.mx\/index.php\/2023\/01\/12\/lider-sindical-de-audi-no-consulta-a-la-base-para-aprobar-el-aumento-del-9-4\/","title":{"rendered":"L\u00edder sindical de Audi no consulta a la base para aprobar el aumento del 9.4 %"},"content":{"rendered":"\n<p>El Sindicato Independiente de Trabajadores de Audi no tiene un plan para poder legitimar su Contrato Colectivo de Trabajo, as\u00ed lo reconoci\u00f3 el l\u00edder sindical C\u00e9sar Orta, quien mencion\u00f3 que la base trabajadora puede no estar de acuerdo con la representaci\u00f3n sindical, pero van a cumplir el periodo hasta 2026 por el que fueron electos.<\/p>\n\n\n\n<p>En rueda de prensa, Orta Briones reconoci\u00f3 que es poco el tiempo que tienen para realizar la Legitimaci\u00f3n del Contrato Colectivo de Trabajo, pues son menos de cinco meses; sin embargo, y a pesar de ser conscientes de esta situaci\u00f3n mencion\u00f3 que no hay una fecha tentativa para realizar este procedimiento.<\/p>\n\n\n\n<p>Asimismo, dijo que no le preocupa que la base trabajadora pueda dar un voto de castigo en la legitimaci\u00f3n de contrato, toda vez que no es relevante si simpatizan o no con el actual sindicato, ya que tienen que ejercer sus funciones hasta 2026 y posteriormente ya podr\u00e1 haber un relevo en los puestos.<\/p>\n\n\n\n<p>\u201cEstamos preparando el camino para informar a nuestros compa\u00f1eros sobre el tema de legitimaci\u00f3n, estamos conscientes que tenemos hasta el primero de mayo y que se tendr\u00e1 que realizar en tiempo y forma, al final podr\u00e1n estar de acuerdo o no con el estilo del l\u00edder sindical, en 2026 est\u00e1 la ventana donde se podr\u00e1 manifestar la base trabajadora\u201d, dijo.<\/p>\n\n\n\n<p>Hay que recordar que con las nuevas reformas a la Ley Federal del Trabajo todas las empresas tendr\u00e1n que legitimar sus contratos, es decir, los trabajadores tienen que aprobar los Contratos Colectivos de Trabajo mediante una votaci\u00f3n y tienen como plazo fijo el pr\u00f3ximo 1 de mayo del presente a\u00f1o.<\/p>\n\n\n\n<p>Sindicato no consult\u00f3 a la base, pero aprob\u00f3 el aumento del 9.4 por ciento<\/p>\n\n\n\n<p>Por otra parte, el mismo Orta Briones reconoci\u00f3 que no consult\u00f3 a la base trabajadora respecto al incremento salarial que aprobaron durante la noche del martes, pues argument\u00f3 que no hab\u00eda tiempo para hacerlo.<\/p>\n\n\n\n<p>En este sentido, mencion\u00f3 que el aumento lo considera como justo, pues supera la inflaci\u00f3n, adem\u00e1s intent\u00f3 colgarse otras medallas como lo son los aumentos a prestaciones que se consiguieron despu\u00e9s de cumplir tres trimestres con inflaci\u00f3n superior al seis por ciento.<\/p>\n\n\n\n<p>Y es que, a pesar de que el acuerdo se logr\u00f3 a palabras de Orta Briones a las 21:00 horas del martes, los trabajadores fueron notificados del mismo hasta que arribaron a la planta a cumplir con sus turnos ya este mi\u00e9rcoles.<\/p>\n","protected":false},"excerpt":{"rendered":"<p>El Sindicato Independiente de Trabajadores de Audi no tiene un plan para poder legitimar su Contrato Colectivo de Trabajo, as\u00ed lo reconoci\u00f3 el l\u00edder sindical C\u00e9sar Orta, quien mencion\u00f3 que la base trabajadora puede no estar de acuerdo con la representaci\u00f3n sindical, pero van a cumplir el periodo hasta 2026 por el que fueron electos. [&hellip;]<\/p>\n","protected":false},"author":4,"featured_media":19467,"comment_status":"open","ping_status":"open","sticky":false,"template":"","format":"standard","meta":{"om_disable_all_campaigns":false,"_monsterinsights_skip_tracking":false,"_monsterinsights_sitenote_active":false,"_monsterinsights_sitenote_note":"","_monsterinsights_sitenote_category":0,"footnotes":""},"categories":[175],"tags":[195,223],"class_list":["post-19466","post","type-post","status-publish","format-standard","has-post-thumbnail","hentry","category-local","tag-principal","tag-puebla"],"amp_enabled":true,"_links":{"self":[{"href":"https:\/\/lahora.mx\/index.php\/wp-json\/wp\/v2\/posts\/19466","targetHints":{"allow":["GET"]}}],"collection":[{"href":"https:\/\/lahora.mx\/index.php\/wp-json\/wp\/v2\/posts"}],"about":[{"href":"https:\/\/lahora.mx\/index.php\/wp-json\/wp\/v2\/types\/post"}],"author":[{"embeddable":true,"href":"https:\/\/lahora.mx\/index.php\/wp-json\/wp\/v2\/users\/4"}],"replies":[{"embeddable":true,"href":"https:\/\/lahora.mx\/index.php\/wp-json\/wp\/v2\/comments?post=19466"}],"version-history":[{"count":1,"href":"https:\/\/lahora.mx\/index.php\/wp-json\/wp\/v2\/posts\/19466\/revisions"}],"predecessor-version":[{"id":19468,"href":"https:\/\/lahora.mx\/index.php\/wp-json\/wp\/v2\/posts\/19466\/revisions\/19468"}],"wp:featuredmedia":[{"embeddable":true,"href":"https:\/\/lahora.mx\/index.php\/wp-json\/wp\/v2\/media\/19467"}],"wp:attachment":[{"href":"https:\/\/lahora.mx\/index.php\/wp-json\/wp\/v2\/media?parent=19466"}],"wp:term":[{"taxonomy":"category","embeddable":true,"href":"https:\/\/lahora.mx\/index.php\/wp-json\/wp\/v2\/categories?post=19466"},{"taxonomy":"post_tag","embeddable":true,"href":"https:\/\/lahora.mx\/index.php\/wp-json\/wp\/v2\/tags?post=19466"}],"curies":[{"name":"wp","href":"https:\/\/api.w.org\/{rel}","templated":true}]}}