{"id":1946,"date":"2022-01-20T23:12:34","date_gmt":"2022-01-20T23:12:34","guid":{"rendered":"http:\/\/lahora.mx\/?p=1946"},"modified":"2022-01-20T23:12:34","modified_gmt":"2022-01-20T23:12:34","slug":"discutian-automovilista-y-chofer-de-linea-malacatepec-y-disparo-gobernador","status":"publish","type":"post","link":"https:\/\/lahora.mx\/index.php\/2022\/01\/20\/discutian-automovilista-y-chofer-de-linea-malacatepec-y-disparo-gobernador\/","title":{"rendered":"Discut\u00edan automovilista y ch\u00f3fer de l\u00ednea Malacatepec y dispar\u00f3: gobernador"},"content":{"rendered":"<p>No quedar\u00e1 impune y se encontrar\u00e1n a los responsables que\u00a0 asesinaron a una mujer que viajaba en el cami\u00f3n en la v\u00eda Atlixc\u00e1yotl, fue lo que anunci\u00f3 el gobernador de Puebla, Luis Miguel Barbosa Huerta, quien calific\u00f3 este hecho como un acto de violencia extrema y salvajismo.<\/p>\n<p>En su habitual conferencia matutina, el mandatario dijo que, hasta el momento, desconocen la forma detallada de c\u00f3mo ocurrieron los hechos, pues al parecer un ch\u00f3fer de otro veh\u00edculo estaba discutiendo con el conductor del cami\u00f3n<b>\u00a0<\/b>y cuando se emparejaron hicieron el disparo y lesionaron \u00a0a la pasajera que posteriormente muri\u00f3.<\/p>\n<p>Barbosa Huerta asegur\u00f3 que desde el 19 de enero est\u00e1 siguiendo el tema y recibi\u00f3 el reporte de la Polic\u00eda Estatal, de la FGE y de la polic\u00eda municipal de San Andr\u00e9s Cholula, pues el hecho se registr\u00f3 en esta demarcaci\u00f3n y los elementos de este municipio fueron los primeros en responder.<\/p>\n<article class=\"content-continued-body clearfix \">\n<div id=\"content-body-5851641-7755666\">\n<p>De acuerdo con los primeros datos de fuentes policiacas se sabe que aparentemente derivado de un incidente vial, el conductor de un veh\u00edculo de caracter\u00edsticas desconocidas, dispar\u00f3 contra el colectivo de la l\u00ednea Santa Mar\u00eda Malacatepec, a la altura del puente 475.<\/p>\n<p>Sin embargo, fue hasta metros adelante que los pasajeros se dieron cuenta que una mujer estaba herida. Al detenerse el chofer y llegar param\u00e9dicos de Protecci\u00f3n Civil, ya no pudieron salvarle la vida.<\/p>\n<\/div>\n<\/article>\n<div class=\"tags-list \"><\/div>\n","protected":false},"excerpt":{"rendered":"<p>No quedar\u00e1 impune y se encontrar\u00e1n a los responsables que\u00a0 asesinaron a una mujer que viajaba en el cami\u00f3n en la v\u00eda Atlixc\u00e1yotl, fue lo que anunci\u00f3 el gobernador de Puebla, Luis Miguel Barbosa Huerta, quien calific\u00f3 este hecho como un acto de violencia extrema y salvajismo. En su habitual conferencia matutina, el mandatario dijo [&hellip;]<\/p>\n","protected":false},"author":4,"featured_media":1947,"comment_status":"open","ping_status":"open","sticky":false,"template":"","format":"standard","meta":{"om_disable_all_campaigns":false,"_monsterinsights_skip_tracking":false,"_monsterinsights_sitenote_active":false,"_monsterinsights_sitenote_note":"","_monsterinsights_sitenote_category":0,"footnotes":""},"categories":[175],"tags":[],"class_list":["post-1946","post","type-post","status-publish","format-standard","has-post-thumbnail","hentry","category-local"],"amp_enabled":true,"_links":{"self":[{"href":"https:\/\/lahora.mx\/index.php\/wp-json\/wp\/v2\/posts\/1946","targetHints":{"allow":["GET"]}}],"collection":[{"href":"https:\/\/lahora.mx\/index.php\/wp-json\/wp\/v2\/posts"}],"about":[{"href":"https:\/\/lahora.mx\/index.php\/wp-json\/wp\/v2\/types\/post"}],"author":[{"embeddable":true,"href":"https:\/\/lahora.mx\/index.php\/wp-json\/wp\/v2\/users\/4"}],"replies":[{"embeddable":true,"href":"https:\/\/lahora.mx\/index.php\/wp-json\/wp\/v2\/comments?post=1946"}],"version-history":[{"count":1,"href":"https:\/\/lahora.mx\/index.php\/wp-json\/wp\/v2\/posts\/1946\/revisions"}],"predecessor-version":[{"id":1948,"href":"https:\/\/lahora.mx\/index.php\/wp-json\/wp\/v2\/posts\/1946\/revisions\/1948"}],"wp:featuredmedia":[{"embeddable":true,"href":"https:\/\/lahora.mx\/index.php\/wp-json\/wp\/v2\/media\/1947"}],"wp:attachment":[{"href":"https:\/\/lahora.mx\/index.php\/wp-json\/wp\/v2\/media?parent=1946"}],"wp:term":[{"taxonomy":"category","embeddable":true,"href":"https:\/\/lahora.mx\/index.php\/wp-json\/wp\/v2\/categories?post=1946"},{"taxonomy":"post_tag","embeddable":true,"href":"https:\/\/lahora.mx\/index.php\/wp-json\/wp\/v2\/tags?post=1946"}],"curies":[{"name":"wp","href":"https:\/\/api.w.org\/{rel}","templated":true}]}}