{"id":19459,"date":"2023-01-12T17:24:18","date_gmt":"2023-01-12T17:24:18","guid":{"rendered":"http:\/\/lahora.mx\/?p=19459"},"modified":"2023-01-12T17:24:19","modified_gmt":"2023-01-12T17:24:19","slug":"presume-lopez-obrador-fortaleza-del-peso-ante-el-dolar","status":"publish","type":"post","link":"https:\/\/lahora.mx\/index.php\/2023\/01\/12\/presume-lopez-obrador-fortaleza-del-peso-ante-el-dolar\/","title":{"rendered":"Presume L\u00f3pez Obrador fortaleza del peso ante el d\u00f3lar"},"content":{"rendered":"\n<p class=\"wp-block-paragraph\">El presidente de M\u00e9xico, Andr\u00e9s Manuel L\u00f3pez Obrador, destac\u00f3 en la conferencia ma\u00f1anera la posici\u00f3n que guarda el peso mexiocano en relaci\u00f3n al d\u00f3lar estadunidense.<br>L\u00f3pez Obrador asegur\u00f3 que la moneda nacional est\u00e1 fortalecida como no se ve\u00eda en m\u00e1s de medio siglo y que todo esto es gracias a la medidas que a adoptado su gobierno en materia econ\u00f3mica y de pol\u00edtica internacional.<\/p>\n\n\n\n<p class=\"wp-block-paragraph\">Nuestro peso est\u00e1 fortalecido como no se ve\u00eda en medio siglo o en m\u00e1s de medio siglo. Es la moneda en el mundo que m\u00e1s se ha apreciado con relaci\u00f3n al d\u00f3lar desde que estamos en el gobierno\u00bb, asegur\u00f3 el mandatario.<\/p>\n\n\n\n<p class=\"wp-block-paragraph\">De acuerdo a una gr\u00e1fica presentada por el presidente en Palacio Nacional, el peso mexicano concluy\u00f3 2022 como una de las \u00fanicas cuatro monedas apreciadas frente al d\u00f3lar estadounidense, junto al rublo ruso, el real brasile\u00f1o y el sol peruano.<\/p>\n\n\n\n<p class=\"wp-block-paragraph\">Actualmente seg\u00fan la estad\u00edstica se ubica por arriba de todos, seguido del Franco Suizo destac\u00f3 L\u00f3pez Obrador, quien asegur\u00f3 que lo que est\u00e1 sucediendo es una se\u00f1al de estabilidad econ\u00f3mica de su gobierno.<\/p>\n","protected":false},"excerpt":{"rendered":"<p>El presidente de M\u00e9xico, Andr\u00e9s Manuel L\u00f3pez Obrador, destac\u00f3 en la conferencia ma\u00f1anera la posici\u00f3n que guarda el peso mexiocano en relaci\u00f3n al d\u00f3lar estadunidense.L\u00f3pez Obrador asegur\u00f3 que la moneda nacional est\u00e1 fortalecida como no se ve\u00eda en m\u00e1s de medio siglo y que todo esto es gracias a la medidas que a adoptado su [&hellip;]<\/p>\n","protected":false},"author":4,"featured_media":19460,"comment_status":"open","ping_status":"open","sticky":false,"template":"","format":"standard","meta":{"om_disable_all_campaigns":false,"_monsterinsights_skip_tracking":false,"footnotes":""},"categories":[176],"tags":[],"class_list":["post-19459","post","type-post","status-publish","format-standard","has-post-thumbnail","hentry","category-nacional"],"amp_enabled":true,"_links":{"self":[{"href":"https:\/\/lahora.mx\/index.php\/wp-json\/wp\/v2\/posts\/19459","targetHints":{"allow":["GET"]}}],"collection":[{"href":"https:\/\/lahora.mx\/index.php\/wp-json\/wp\/v2\/posts"}],"about":[{"href":"https:\/\/lahora.mx\/index.php\/wp-json\/wp\/v2\/types\/post"}],"author":[{"embeddable":true,"href":"https:\/\/lahora.mx\/index.php\/wp-json\/wp\/v2\/users\/4"}],"replies":[{"embeddable":true,"href":"https:\/\/lahora.mx\/index.php\/wp-json\/wp\/v2\/comments?post=19459"}],"version-history":[{"count":1,"href":"https:\/\/lahora.mx\/index.php\/wp-json\/wp\/v2\/posts\/19459\/revisions"}],"predecessor-version":[{"id":19461,"href":"https:\/\/lahora.mx\/index.php\/wp-json\/wp\/v2\/posts\/19459\/revisions\/19461"}],"wp:featuredmedia":[{"embeddable":true,"href":"https:\/\/lahora.mx\/index.php\/wp-json\/wp\/v2\/media\/19460"}],"wp:attachment":[{"href":"https:\/\/lahora.mx\/index.php\/wp-json\/wp\/v2\/media?parent=19459"}],"wp:term":[{"taxonomy":"category","embeddable":true,"href":"https:\/\/lahora.mx\/index.php\/wp-json\/wp\/v2\/categories?post=19459"},{"taxonomy":"post_tag","embeddable":true,"href":"https:\/\/lahora.mx\/index.php\/wp-json\/wp\/v2\/tags?post=19459"}],"curies":[{"name":"wp","href":"https:\/\/api.w.org\/{rel}","templated":true}]}}