{"id":19456,"date":"2023-01-12T17:19:21","date_gmt":"2023-01-12T17:19:21","guid":{"rendered":"http:\/\/lahora.mx\/?p=19456"},"modified":"2023-01-12T17:19:22","modified_gmt":"2023-01-12T17:19:22","slug":"guardia-nacional-vigilara-instalaciones-del-metro-cdmx","status":"publish","type":"post","link":"https:\/\/lahora.mx\/index.php\/2023\/01\/12\/guardia-nacional-vigilara-instalaciones-del-metro-cdmx\/","title":{"rendered":"Guardia Nacional vigilar\u00e1 instalaciones del Metro CDMX"},"content":{"rendered":"\n<p class=\"wp-block-paragraph\">La jefa de Gobierno, Claudia Sheinbaum, anunci\u00f3 este jueves que la Guardia Nacional se har\u00e1 cargo de la vigilancia de las estaciones y otras instalaciones del Metro de la Ciudad de M\u00e9xico.<\/p>\n\n\n\n<p class=\"wp-block-paragraph\">En la rueda de prensa matutina, adelant\u00f3 que a partir de las 14:00 horas de este jueves, 6 mil 60 elementos de la Guardia Nacional se har\u00e1n cargo de la vigilancia de la red de transporte p\u00fablico m\u00e1s importante de la Ciudad de M\u00e9xico y su Zona Metropolitana.<\/p>\n\n\n\n<p class=\"wp-block-paragraph\">La decisi\u00f3n se tom\u00f3 debido a que desde el alcance de trenes que se registr\u00f3 el s\u00e1bado 7 de enero, se han registrado otros incidentes \u00abfuera de lo com\u00fan\u00bb en la red del Metro.<br>\u00e7\u00e7<br>Han venido ocurriendo en los \u00faltimos meses episodios que nosotros catalogamos como fuera de lo normal que no son lo que normalmente ocurre en el Metro, despu\u00e9s del tr\u00e1gico accidente, del terrible accidente que tuvimos en donde falleci\u00f3 una joven\u2026 ese mismo d\u00eda en la tarde tuvimos un problema en la L\u00ednea 3 de una zapata del tren, al siguiente d\u00eda se tuvo un problema en la L\u00ednea 8, el d\u00eda de ayer en la L\u00ednea 5 con una llanta lateral que fue revisada un d\u00eda antes y por esta raz\u00f3n el d\u00eda de ayer por la tarde me permit\u00ed hablar con el presidente de la Rep\u00fablica y solicitarle la presencia de la Guardia Nacional en el Metro de la Ciudad de M\u00e9xico, esto fue aceptado de tal manera que a partir de hoy de las dos de la tarde, agradezco el apoyo, la Guardia Nacional estar\u00e1 presente\u201d.<\/p>\n","protected":false},"excerpt":{"rendered":"<p>La jefa de Gobierno, Claudia Sheinbaum, anunci\u00f3 este jueves que la Guardia Nacional se har\u00e1 cargo de la vigilancia de las estaciones y otras instalaciones del Metro de la Ciudad de M\u00e9xico. En la rueda de prensa matutina, adelant\u00f3 que a partir de las 14:00 horas de este jueves, 6 mil 60 elementos de la [&hellip;]<\/p>\n","protected":false},"author":4,"featured_media":19457,"comment_status":"open","ping_status":"open","sticky":false,"template":"","format":"standard","meta":{"om_disable_all_campaigns":false,"_monsterinsights_skip_tracking":false,"footnotes":""},"categories":[176],"tags":[195],"class_list":["post-19456","post","type-post","status-publish","format-standard","has-post-thumbnail","hentry","category-nacional","tag-principal"],"amp_enabled":true,"_links":{"self":[{"href":"https:\/\/lahora.mx\/index.php\/wp-json\/wp\/v2\/posts\/19456","targetHints":{"allow":["GET"]}}],"collection":[{"href":"https:\/\/lahora.mx\/index.php\/wp-json\/wp\/v2\/posts"}],"about":[{"href":"https:\/\/lahora.mx\/index.php\/wp-json\/wp\/v2\/types\/post"}],"author":[{"embeddable":true,"href":"https:\/\/lahora.mx\/index.php\/wp-json\/wp\/v2\/users\/4"}],"replies":[{"embeddable":true,"href":"https:\/\/lahora.mx\/index.php\/wp-json\/wp\/v2\/comments?post=19456"}],"version-history":[{"count":1,"href":"https:\/\/lahora.mx\/index.php\/wp-json\/wp\/v2\/posts\/19456\/revisions"}],"predecessor-version":[{"id":19458,"href":"https:\/\/lahora.mx\/index.php\/wp-json\/wp\/v2\/posts\/19456\/revisions\/19458"}],"wp:featuredmedia":[{"embeddable":true,"href":"https:\/\/lahora.mx\/index.php\/wp-json\/wp\/v2\/media\/19457"}],"wp:attachment":[{"href":"https:\/\/lahora.mx\/index.php\/wp-json\/wp\/v2\/media?parent=19456"}],"wp:term":[{"taxonomy":"category","embeddable":true,"href":"https:\/\/lahora.mx\/index.php\/wp-json\/wp\/v2\/categories?post=19456"},{"taxonomy":"post_tag","embeddable":true,"href":"https:\/\/lahora.mx\/index.php\/wp-json\/wp\/v2\/tags?post=19456"}],"curies":[{"name":"wp","href":"https:\/\/api.w.org\/{rel}","templated":true}]}}