{"id":19435,"date":"2023-01-12T01:51:05","date_gmt":"2023-01-12T01:51:05","guid":{"rendered":"http:\/\/lahora.mx\/?p=19435"},"modified":"2023-01-12T01:51:06","modified_gmt":"2023-01-12T01:51:06","slug":"exhiben-video-de-otra-golpiza-de-empleados-de-la-polar-a-clientes-en-2020","status":"publish","type":"post","link":"https:\/\/lahora.mx\/index.php\/2023\/01\/12\/exhiben-video-de-otra-golpiza-de-empleados-de-la-polar-a-clientes-en-2020\/","title":{"rendered":"Exhiben video de otra golpiza de empleados de La Polar a clientes en 2020"},"content":{"rendered":"\n<p class=\"wp-block-paragraph\">Luego del homicidio suscitado a manos de empleados de La Polar el pasado 8 de enero, sali\u00f3 a la luz un nuevo video de otro incidente similar, pero en 2019.<\/p>\n\n\n\n<p class=\"wp-block-paragraph\">El video fue difundido por Carlos Jim\u00e9nez, donde se observa como empleados de La Polar agreden y sacan del inmueble a otros clientes. Esta grabaci\u00f3n sale tras el homicidio de Antonio Monroy de 57 a\u00f1os.<\/p>\n\n\n\n<p class=\"wp-block-paragraph\">De acuerdo con la informaci\u00f3n de Multimedios Televisi\u00f3n, se\u00f1alaron que el pasado 12 de octubre de 2020, tres clientes fueron agredidos por empleados de la cantina.<\/p>\n\n\n\n<p class=\"wp-block-paragraph\">En el video se ve a un empleado, identificado como Sergio Gama, junto con otros tres trabajadores, sacando a golpes a tres hombres. Posterior a ello, comienzan a empujarlos y lanzarles pu\u00f1etazos, y uno que cae al piso, Gama lo patea en la cabeza y el tronco.<\/p>\n\n\n\n<p class=\"wp-block-paragraph\">Hasta el momento, de acuerdo con la investigaci\u00f3n sobre el asesinato de Monroy, se est\u00e1 buscando a Sergio Gama, quien es jefe de seguridad y escolta de Do\u00f1a Trini, due\u00f1a del restaurante.<\/p>\n\n\n\n<p class=\"wp-block-paragraph\">Adem\u00e1s, Gama ha sido denunciado previamente por una joven llamada Paulina Trujillo, quien acus\u00f3 que el sujeto la agredi\u00f3 f\u00edsicamente en La Polar.<\/p>\n","protected":false},"excerpt":{"rendered":"<p>Luego del homicidio suscitado a manos de empleados de La Polar el pasado 8 de enero, sali\u00f3 a la luz un nuevo video de otro incidente similar, pero en 2019. El video fue difundido por Carlos Jim\u00e9nez, donde se observa como empleados de La Polar agreden y sacan del inmueble a otros clientes. Esta grabaci\u00f3n [&hellip;]<\/p>\n","protected":false},"author":4,"featured_media":19436,"comment_status":"open","ping_status":"open","sticky":false,"template":"","format":"standard","meta":{"om_disable_all_campaigns":false,"_monsterinsights_skip_tracking":false,"footnotes":""},"categories":[176],"tags":[195],"class_list":["post-19435","post","type-post","status-publish","format-standard","has-post-thumbnail","hentry","category-nacional","tag-principal"],"amp_enabled":true,"_links":{"self":[{"href":"https:\/\/lahora.mx\/index.php\/wp-json\/wp\/v2\/posts\/19435","targetHints":{"allow":["GET"]}}],"collection":[{"href":"https:\/\/lahora.mx\/index.php\/wp-json\/wp\/v2\/posts"}],"about":[{"href":"https:\/\/lahora.mx\/index.php\/wp-json\/wp\/v2\/types\/post"}],"author":[{"embeddable":true,"href":"https:\/\/lahora.mx\/index.php\/wp-json\/wp\/v2\/users\/4"}],"replies":[{"embeddable":true,"href":"https:\/\/lahora.mx\/index.php\/wp-json\/wp\/v2\/comments?post=19435"}],"version-history":[{"count":1,"href":"https:\/\/lahora.mx\/index.php\/wp-json\/wp\/v2\/posts\/19435\/revisions"}],"predecessor-version":[{"id":19437,"href":"https:\/\/lahora.mx\/index.php\/wp-json\/wp\/v2\/posts\/19435\/revisions\/19437"}],"wp:featuredmedia":[{"embeddable":true,"href":"https:\/\/lahora.mx\/index.php\/wp-json\/wp\/v2\/media\/19436"}],"wp:attachment":[{"href":"https:\/\/lahora.mx\/index.php\/wp-json\/wp\/v2\/media?parent=19435"}],"wp:term":[{"taxonomy":"category","embeddable":true,"href":"https:\/\/lahora.mx\/index.php\/wp-json\/wp\/v2\/categories?post=19435"},{"taxonomy":"post_tag","embeddable":true,"href":"https:\/\/lahora.mx\/index.php\/wp-json\/wp\/v2\/tags?post=19435"}],"curies":[{"name":"wp","href":"https:\/\/api.w.org\/{rel}","templated":true}]}}