{"id":1943,"date":"2022-01-20T23:02:36","date_gmt":"2022-01-20T23:02:36","guid":{"rendered":"http:\/\/lahora.mx\/?p=1943"},"modified":"2022-01-20T23:04:27","modified_gmt":"2022-01-20T23:04:27","slug":"el-presidente-municipal-eduardo-rivera-perez-senalo-que-la-inseguridad-crecio-un-13-por-ciento","status":"publish","type":"post","link":"https:\/\/lahora.mx\/index.php\/2022\/01\/20\/el-presidente-municipal-eduardo-rivera-perez-senalo-que-la-inseguridad-crecio-un-13-por-ciento\/","title":{"rendered":"El presidente municipal Eduardo Rivera P\u00e9rez, se\u00f1al\u00f3 que la inseguridad creci\u00f3 un 13 por ciento"},"content":{"rendered":"<p>El presidente municipal Eduardo Rivera P\u00e9rez, se\u00f1al\u00f3 que a pesar que el INEGI public\u00f3 que la percepci\u00f3n de inseguridad creci\u00f3 un 13 por ciento en el \u00faltimo trimestre del 2021, es menor a la cifra a comparaci\u00f3n a la que registr\u00f3 la administraci\u00f3n de Claudia Rivera Vivanco al arranque de su gobierno.<\/p>\n","protected":false},"excerpt":{"rendered":"<p>El presidente municipal Eduardo Rivera P\u00e9rez, se\u00f1al\u00f3 que a pesar que el INEGI public\u00f3 que la percepci\u00f3n de inseguridad creci\u00f3 un 13 por ciento en el \u00faltimo trimestre del 2021, es menor a la cifra a comparaci\u00f3n a la que registr\u00f3 la administraci\u00f3n de Claudia Rivera Vivanco al arranque de su gobierno.<\/p>\n","protected":false},"author":4,"featured_media":1944,"comment_status":"open","ping_status":"open","sticky":false,"template":"","format":"standard","meta":{"om_disable_all_campaigns":false,"_monsterinsights_skip_tracking":false,"_monsterinsights_sitenote_active":false,"_monsterinsights_sitenote_note":"","_monsterinsights_sitenote_category":0,"footnotes":""},"categories":[175],"tags":[],"class_list":["post-1943","post","type-post","status-publish","format-standard","has-post-thumbnail","hentry","category-local"],"amp_enabled":true,"_links":{"self":[{"href":"https:\/\/lahora.mx\/index.php\/wp-json\/wp\/v2\/posts\/1943","targetHints":{"allow":["GET"]}}],"collection":[{"href":"https:\/\/lahora.mx\/index.php\/wp-json\/wp\/v2\/posts"}],"about":[{"href":"https:\/\/lahora.mx\/index.php\/wp-json\/wp\/v2\/types\/post"}],"author":[{"embeddable":true,"href":"https:\/\/lahora.mx\/index.php\/wp-json\/wp\/v2\/users\/4"}],"replies":[{"embeddable":true,"href":"https:\/\/lahora.mx\/index.php\/wp-json\/wp\/v2\/comments?post=1943"}],"version-history":[{"count":1,"href":"https:\/\/lahora.mx\/index.php\/wp-json\/wp\/v2\/posts\/1943\/revisions"}],"predecessor-version":[{"id":1945,"href":"https:\/\/lahora.mx\/index.php\/wp-json\/wp\/v2\/posts\/1943\/revisions\/1945"}],"wp:featuredmedia":[{"embeddable":true,"href":"https:\/\/lahora.mx\/index.php\/wp-json\/wp\/v2\/media\/1944"}],"wp:attachment":[{"href":"https:\/\/lahora.mx\/index.php\/wp-json\/wp\/v2\/media?parent=1943"}],"wp:term":[{"taxonomy":"category","embeddable":true,"href":"https:\/\/lahora.mx\/index.php\/wp-json\/wp\/v2\/categories?post=1943"},{"taxonomy":"post_tag","embeddable":true,"href":"https:\/\/lahora.mx\/index.php\/wp-json\/wp\/v2\/tags?post=1943"}],"curies":[{"name":"wp","href":"https:\/\/api.w.org\/{rel}","templated":true}]}}