{"id":19414,"date":"2023-01-11T23:37:12","date_gmt":"2023-01-11T23:37:12","guid":{"rendered":"http:\/\/lahora.mx\/?p=19414"},"modified":"2023-01-11T23:37:13","modified_gmt":"2023-01-11T23:37:13","slug":"reunen-policias-de-huamantla-a-persona-extraviada-con-sus-familiares","status":"publish","type":"post","link":"https:\/\/lahora.mx\/index.php\/2023\/01\/11\/reunen-policias-de-huamantla-a-persona-extraviada-con-sus-familiares\/","title":{"rendered":"Re\u00fanen polic\u00edas de Huamantla a persona extraviada con sus familiares"},"content":{"rendered":"\n<p>Elementos de la direcci\u00f3n de seguridad p\u00fablica de Huamantla, reunieron con sus familiares a una persona de la tercera edad con ficha de b\u00fasqueda.<\/p>\n\n\n\n<p>Los hechos ocurrieron este d\u00eda, tras una llamada a los n\u00fameros de emergencia donde se solicit\u00f3 el apoyo de los uniformados, luego de ser reportada una persona con caracter\u00edsticas similares a las de la persona extraviada.<\/p>\n\n\n\n<p>Al llegar al lugar de los hechos, una joven abord\u00f3 a los polic\u00edas municipales manifestando ser familiar de esta persona, que responde al nombre de Guadalupe N., de 62 a\u00f1os de edad, adem\u00e1s de informar que padece esquizofrenia.<\/p>\n\n\n\n<p>Al contar con ficha de b\u00fasqueda n\u00famero CEBPTlax\/04\/01\/2023 de la Comisi\u00f3n Estatal de B\u00fasqueda de Personas, los polic\u00edas municipales canalizaron a la persona extraviada a Comisar\u00eda de Huamantla, donde personal de la CEBP realiz\u00f3 los protocolos correspondientes para poder entregar a Guadalupe N. con sus familiares.<\/p>\n","protected":false},"excerpt":{"rendered":"<p>Elementos de la direcci\u00f3n de seguridad p\u00fablica de Huamantla, reunieron con sus familiares a una persona de la tercera edad con ficha de b\u00fasqueda. Los hechos ocurrieron este d\u00eda, tras una llamada a los n\u00fameros de emergencia donde se solicit\u00f3 el apoyo de los uniformados, luego de ser reportada una persona con caracter\u00edsticas similares a [&hellip;]<\/p>\n","protected":false},"author":4,"featured_media":19415,"comment_status":"open","ping_status":"open","sticky":false,"template":"","format":"standard","meta":{"om_disable_all_campaigns":false,"_monsterinsights_skip_tracking":false,"_monsterinsights_sitenote_active":false,"_monsterinsights_sitenote_note":"","_monsterinsights_sitenote_category":0,"footnotes":""},"categories":[175,226],"tags":[223,210],"class_list":["post-19414","post","type-post","status-publish","format-standard","has-post-thumbnail","hentry","category-local","category-policia","tag-puebla","tag-tlaxcala"],"amp_enabled":true,"_links":{"self":[{"href":"https:\/\/lahora.mx\/index.php\/wp-json\/wp\/v2\/posts\/19414","targetHints":{"allow":["GET"]}}],"collection":[{"href":"https:\/\/lahora.mx\/index.php\/wp-json\/wp\/v2\/posts"}],"about":[{"href":"https:\/\/lahora.mx\/index.php\/wp-json\/wp\/v2\/types\/post"}],"author":[{"embeddable":true,"href":"https:\/\/lahora.mx\/index.php\/wp-json\/wp\/v2\/users\/4"}],"replies":[{"embeddable":true,"href":"https:\/\/lahora.mx\/index.php\/wp-json\/wp\/v2\/comments?post=19414"}],"version-history":[{"count":1,"href":"https:\/\/lahora.mx\/index.php\/wp-json\/wp\/v2\/posts\/19414\/revisions"}],"predecessor-version":[{"id":19416,"href":"https:\/\/lahora.mx\/index.php\/wp-json\/wp\/v2\/posts\/19414\/revisions\/19416"}],"wp:featuredmedia":[{"embeddable":true,"href":"https:\/\/lahora.mx\/index.php\/wp-json\/wp\/v2\/media\/19415"}],"wp:attachment":[{"href":"https:\/\/lahora.mx\/index.php\/wp-json\/wp\/v2\/media?parent=19414"}],"wp:term":[{"taxonomy":"category","embeddable":true,"href":"https:\/\/lahora.mx\/index.php\/wp-json\/wp\/v2\/categories?post=19414"},{"taxonomy":"post_tag","embeddable":true,"href":"https:\/\/lahora.mx\/index.php\/wp-json\/wp\/v2\/tags?post=19414"}],"curies":[{"name":"wp","href":"https:\/\/api.w.org\/{rel}","templated":true}]}}