{"id":19405,"date":"2023-01-11T23:22:47","date_gmt":"2023-01-11T23:22:47","guid":{"rendered":"http:\/\/lahora.mx\/?p=19405"},"modified":"2023-01-11T23:22:47","modified_gmt":"2023-01-11T23:22:47","slug":"pri-pan-y-prd-confirman-alianza-va-por-mexico-para-elecciones-en-el-edomex-y-coahuila","status":"publish","type":"post","link":"https:\/\/lahora.mx\/index.php\/2023\/01\/11\/pri-pan-y-prd-confirman-alianza-va-por-mexico-para-elecciones-en-el-edomex-y-coahuila\/","title":{"rendered":"PRI, PAN y PRD; confirman alianza Va por M\u00e9xico para elecciones en el Edomex y Coahuila"},"content":{"rendered":"\n<p class=\"wp-block-paragraph\">Los dirigentes nacionales del PAN, Marko Cortes, y del PRD, Jes\u00fas Zambrano, se reunieron en privado con el dirigente nacional del PRI, Alejandro Moreno C\u00e1rdenas.<\/p>\n\n\n\n<p class=\"wp-block-paragraph\">Se trat\u00f3 del primer encuentro presencial de 2023, y desde la ruptura que desencaden\u00f3 el impulso de una reforma del PRI para mantener al ej\u00e9rcito en las calles.<\/p>\n\n\n\n<p class=\"wp-block-paragraph\">La reuni\u00f3n concreta la reconciliaci\u00f3n entre los tres l\u00edderes, y el resurgimiento de Va por M\u00e9xico como un dique tripartita.<\/p>\n\n\n\n<p class=\"wp-block-paragraph\">Al t\u00e9rmino de la pl\u00e1tica, que se desarroll\u00f3 al interior del Comit\u00e9 Ejecutivo Nacional de uno de los tres partidos, se confirm\u00f3 que PRI, PAN y PRD, ir\u00e1n juntos en las elecciones del Estado de M\u00e9xico y Coahuila.<\/p>\n\n\n\n<p class=\"wp-block-paragraph\">Se prev\u00e9 que este jueves, en punto de las 11 horas, se haga el anuncio oficial, a trav\u00e9s de una conferencia de prensa que se realizar\u00e1 en un hotel, ubicado en la Alcald\u00eda Cuauht\u00e9moc, de la Ciudad de M\u00e9xico.<\/p>\n","protected":false},"excerpt":{"rendered":"<p>Los dirigentes nacionales del PAN, Marko Cortes, y del PRD, Jes\u00fas Zambrano, se reunieron en privado con el dirigente nacional del PRI, Alejandro Moreno C\u00e1rdenas. Se trat\u00f3 del primer encuentro presencial de 2023, y desde la ruptura que desencaden\u00f3 el impulso de una reforma del PRI para mantener al ej\u00e9rcito en las calles. La reuni\u00f3n [&hellip;]<\/p>\n","protected":false},"author":4,"featured_media":19406,"comment_status":"open","ping_status":"open","sticky":false,"template":"","format":"standard","meta":{"om_disable_all_campaigns":false,"_monsterinsights_skip_tracking":false,"footnotes":""},"categories":[176],"tags":[195],"class_list":["post-19405","post","type-post","status-publish","format-standard","has-post-thumbnail","hentry","category-nacional","tag-principal"],"amp_enabled":true,"_links":{"self":[{"href":"https:\/\/lahora.mx\/index.php\/wp-json\/wp\/v2\/posts\/19405","targetHints":{"allow":["GET"]}}],"collection":[{"href":"https:\/\/lahora.mx\/index.php\/wp-json\/wp\/v2\/posts"}],"about":[{"href":"https:\/\/lahora.mx\/index.php\/wp-json\/wp\/v2\/types\/post"}],"author":[{"embeddable":true,"href":"https:\/\/lahora.mx\/index.php\/wp-json\/wp\/v2\/users\/4"}],"replies":[{"embeddable":true,"href":"https:\/\/lahora.mx\/index.php\/wp-json\/wp\/v2\/comments?post=19405"}],"version-history":[{"count":1,"href":"https:\/\/lahora.mx\/index.php\/wp-json\/wp\/v2\/posts\/19405\/revisions"}],"predecessor-version":[{"id":19407,"href":"https:\/\/lahora.mx\/index.php\/wp-json\/wp\/v2\/posts\/19405\/revisions\/19407"}],"wp:featuredmedia":[{"embeddable":true,"href":"https:\/\/lahora.mx\/index.php\/wp-json\/wp\/v2\/media\/19406"}],"wp:attachment":[{"href":"https:\/\/lahora.mx\/index.php\/wp-json\/wp\/v2\/media?parent=19405"}],"wp:term":[{"taxonomy":"category","embeddable":true,"href":"https:\/\/lahora.mx\/index.php\/wp-json\/wp\/v2\/categories?post=19405"},{"taxonomy":"post_tag","embeddable":true,"href":"https:\/\/lahora.mx\/index.php\/wp-json\/wp\/v2\/tags?post=19405"}],"curies":[{"name":"wp","href":"https:\/\/api.w.org\/{rel}","templated":true}]}}