{"id":19392,"date":"2023-01-11T23:07:51","date_gmt":"2023-01-11T23:07:51","guid":{"rendered":"http:\/\/lahora.mx\/?p=19392"},"modified":"2023-01-11T23:07:52","modified_gmt":"2023-01-11T23:07:52","slug":"eduardo-rivera-pide-a-fge-puebla-informar-movil-de-los-4-calcinados","status":"publish","type":"post","link":"https:\/\/lahora.mx\/index.php\/2023\/01\/11\/eduardo-rivera-pide-a-fge-puebla-informar-movil-de-los-4-calcinados\/","title":{"rendered":"Eduardo Rivera pide a FGE Puebla informar m\u00f3vil de los 4 calcinados"},"content":{"rendered":"\n<p>El presidente municipal de Puebla, Eduardo Rivera P\u00e9rez, se\u00f1al\u00f3 que la Fiscal\u00eda General del Estado (FGE) de Puebla ser\u00e1 la encargada de informar y aclarar el origen de los cuerpos calcinados encontrados en los \u00faltimos d\u00edas en la capital.<\/p>\n\n\n\n<p>Rivera P\u00e9rez indic\u00f3 que la Secretar\u00eda de Seguridad Ciudadana (SSC) durante sus recorridos descubri\u00f3 un cuerpo calcinado en inmediaciones del tianguis Independencia en Mayorazgo la madrugada de este mi\u00e9rcoles.<br>Se\u00f1al\u00f3 que como primeros respondientes se entreg\u00f3 la informaci\u00f3n correspondiente a la Fiscal\u00eda con el fin de que realice las investigaciones a las que haya lugar y determine responsabilidades.<\/p>\n\n\n\n<p>El edil panista coment\u00f3 que es necesario que la FGE Puebla brinde la informaci\u00f3n respecto a los casos encontrados y aclare la situaci\u00f3n o el motivo de los hechos.<\/p>\n\n\n\n<p>\u201cEsperar\u00eda que la Fiscal\u00eda, quien tiene las carpetas de investigaci\u00f3n, pueda dar una informaci\u00f3n precisa de estos casos. Nosotros como primeros respondientes tenemos la informaci\u00f3n de algunos de estos casos, pero me parece fundamental que la Fiscal\u00eda pueda dar una parte de la raz\u00f3n del porqu\u00e9 est\u00e1n sucediendo estos hechos\u201d, enfatiz\u00f3.<br>En el municipio de Puebla van cuatro personas que aparecen calcinadas, los dos primeros fueron el 2 de enero, el primero en la cajuela de un auto en San Pedro Zacachimalpa, y el segundo en Barranca Honda en la junta auxiliar de San Pablo Xochimehuacan, mientras que el tercero fue encontrado el 8 de enero en una barranca de San Sebasti\u00e1n de Aparicio.<\/p>\n\n\n\n<p>Cabe se\u00f1alar que hasta el momento no hay ning\u00fan detenido por esos hechos ni tampoco se ha informado el m\u00f3vil de cada uno de los casos por los cuerpos calcinados.<\/p>\n","protected":false},"excerpt":{"rendered":"<p>El presidente municipal de Puebla, Eduardo Rivera P\u00e9rez, se\u00f1al\u00f3 que la Fiscal\u00eda General del Estado (FGE) de Puebla ser\u00e1 la encargada de informar y aclarar el origen de los cuerpos calcinados encontrados en los \u00faltimos d\u00edas en la capital. Rivera P\u00e9rez indic\u00f3 que la Secretar\u00eda de Seguridad Ciudadana (SSC) durante sus recorridos descubri\u00f3 un cuerpo [&hellip;]<\/p>\n","protected":false},"author":4,"featured_media":19393,"comment_status":"open","ping_status":"open","sticky":false,"template":"","format":"standard","meta":{"om_disable_all_campaigns":false,"_monsterinsights_skip_tracking":false,"_monsterinsights_sitenote_active":false,"_monsterinsights_sitenote_note":"","_monsterinsights_sitenote_category":0,"footnotes":""},"categories":[175],"tags":[223],"class_list":["post-19392","post","type-post","status-publish","format-standard","has-post-thumbnail","hentry","category-local","tag-puebla"],"amp_enabled":true,"_links":{"self":[{"href":"https:\/\/lahora.mx\/index.php\/wp-json\/wp\/v2\/posts\/19392","targetHints":{"allow":["GET"]}}],"collection":[{"href":"https:\/\/lahora.mx\/index.php\/wp-json\/wp\/v2\/posts"}],"about":[{"href":"https:\/\/lahora.mx\/index.php\/wp-json\/wp\/v2\/types\/post"}],"author":[{"embeddable":true,"href":"https:\/\/lahora.mx\/index.php\/wp-json\/wp\/v2\/users\/4"}],"replies":[{"embeddable":true,"href":"https:\/\/lahora.mx\/index.php\/wp-json\/wp\/v2\/comments?post=19392"}],"version-history":[{"count":1,"href":"https:\/\/lahora.mx\/index.php\/wp-json\/wp\/v2\/posts\/19392\/revisions"}],"predecessor-version":[{"id":19394,"href":"https:\/\/lahora.mx\/index.php\/wp-json\/wp\/v2\/posts\/19392\/revisions\/19394"}],"wp:featuredmedia":[{"embeddable":true,"href":"https:\/\/lahora.mx\/index.php\/wp-json\/wp\/v2\/media\/19393"}],"wp:attachment":[{"href":"https:\/\/lahora.mx\/index.php\/wp-json\/wp\/v2\/media?parent=19392"}],"wp:term":[{"taxonomy":"category","embeddable":true,"href":"https:\/\/lahora.mx\/index.php\/wp-json\/wp\/v2\/categories?post=19392"},{"taxonomy":"post_tag","embeddable":true,"href":"https:\/\/lahora.mx\/index.php\/wp-json\/wp\/v2\/tags?post=19392"}],"curies":[{"name":"wp","href":"https:\/\/api.w.org\/{rel}","templated":true}]}}