{"id":19387,"date":"2023-01-11T21:07:10","date_gmt":"2023-01-11T21:07:10","guid":{"rendered":"http:\/\/lahora.mx\/?p=19387"},"modified":"2023-01-11T21:07:11","modified_gmt":"2023-01-11T21:07:11","slug":"puebla-capital-sera-sede-del-torneo-nacional-de-padel-2023","status":"publish","type":"post","link":"https:\/\/lahora.mx\/index.php\/2023\/01\/11\/puebla-capital-sera-sede-del-torneo-nacional-de-padel-2023\/","title":{"rendered":"Puebla capital ser\u00e1 sede del torneo nacional de P\u00e1del   2023"},"content":{"rendered":"\n<p>Puebla capital ser\u00e1 sede del Torneo Nacional de P\u00e1del 2023; deporte de paleta de origen mexicano que reunir\u00e1 a mil participantes del 18 al 21 de mayo.<\/p>\n\n\n\n<p>As\u00ed lo anunci\u00f3 Eduardo Rivera P\u00e9rez, Presidente Municipal de Puebla, previo a la firma de convenio con la Federaci\u00f3n Mexicana de P\u00e1del (FEMEPA) que har\u00e1 de este lazo deportivo una oportunidad de traer a la ciudad una derrama econ\u00f3mica de 20 millones de pesos y para seguir haciendo del deporte \u201cla mejor medicina de cualquier sociedad, por la salud y la integraci\u00f3n social\u201d, refiri\u00f3 el edil.<\/p>\n\n\n\n<p>Por su parte, Jorge Adalberto Ma\u00f1e Rend\u00f3n -presidente de la FEMEPA- celebr\u00f3 haya compromiso para llevar al P\u00e1del al siguiente nivel de posicionamiento, por lo que llam\u00f3 a hacer crecer esta comunidad deportiva.<\/p>\n\n\n\n<p>Es as\u00ed que por primera vez en la historia, Puebla capital ser\u00e1 sede y escaparate para el desarrollo profesional del P\u00e1del, lo que el diputado federal Mario Riestra celebr\u00f3 como una muestra m\u00e1s de voluntad y respaldo al talento local.<\/p>\n\n\n\n<figure class=\"wp-block-image size-full\"><img fetchpriority=\"high\" decoding=\"async\" width=\"995\" height=\"603\" src=\"https:\/\/lahora.mx\/wp-content\/uploads\/2023\/01\/Captura-de-pantalla-2023-01-11-a-las-14.58.23.png\" alt=\"\" class=\"wp-image-19389\" srcset=\"https:\/\/lahora.mx\/wp-content\/uploads\/2023\/01\/Captura-de-pantalla-2023-01-11-a-las-14.58.23.png 995w, https:\/\/lahora.mx\/wp-content\/uploads\/2023\/01\/Captura-de-pantalla-2023-01-11-a-las-14.58.23-300x182.png 300w, https:\/\/lahora.mx\/wp-content\/uploads\/2023\/01\/Captura-de-pantalla-2023-01-11-a-las-14.58.23-768x465.png 768w\" sizes=\"(max-width: 995px) 100vw, 995px\" \/><\/figure>\n\n\n\n<p>Adicionalmente, el Ayuntamiento reconoci\u00f3 a seleccionados nacionales de p\u00e1del que representaron a M\u00e9xico en el Torneo Internacional en Dubai en 2022, quienes son orgullosamente poblanos: Pablo Francisco Amora Hern\u00e1ndez, Jos\u00e9 Mar\u00eda \u00c1lvarez Torres, Juan Pablo Castillo Contreras y Luis Enrique Barrientos Garc\u00eda.<\/p>\n\n\n\n<p>En esta presentaci\u00f3n estuvieron presentes Santiago G\u00f3mez Mart\u00ednez, Director General del Parque Espa\u00f1a de Puebla; Ricardo Horacio Grau de la Rosa, Presidente Regidor de la Comisi\u00f3n de Juventud y Deporte; Guillermo Antonio Iriarte Gonz\u00e1lez, Director del Instituto Municipal del Deporte; Guillermo Reinoso, Representante de P\u00e1del Puebla; Bernardo Huerta Peregrina, Representante del Circuito Poblano de P\u00e1del; Geovani Mena Alam, Presidente de Poblanos Padelistas; Santigo \u00c1lvarez Regordosa, Representante P\u00c1DELEX; Paulina Huerta Peregrina, Representante Star P\u00e1del Puebla; Allison Peralta S\u00e1nchez, Jugadora de P\u00e1del Puebla; y Mariana Capit\u00e1n Hern\u00e1ndez, Jefa de la Polic\u00eda en la zona.<\/p>\n","protected":false},"excerpt":{"rendered":"<p>Puebla capital ser\u00e1 sede del Torneo Nacional de P\u00e1del 2023; deporte de paleta de origen mexicano que reunir\u00e1 a mil participantes del 18 al 21 de mayo. As\u00ed lo anunci\u00f3 Eduardo Rivera P\u00e9rez, Presidente Municipal de Puebla, previo a la firma de convenio con la Federaci\u00f3n Mexicana de P\u00e1del (FEMEPA) que har\u00e1 de este lazo [&hellip;]<\/p>\n","protected":false},"author":4,"featured_media":19388,"comment_status":"open","ping_status":"open","sticky":false,"template":"","format":"standard","meta":{"om_disable_all_campaigns":false,"_monsterinsights_skip_tracking":false,"_monsterinsights_sitenote_active":false,"_monsterinsights_sitenote_note":"","_monsterinsights_sitenote_category":0,"footnotes":""},"categories":[175],"tags":[223],"class_list":["post-19387","post","type-post","status-publish","format-standard","has-post-thumbnail","hentry","category-local","tag-puebla"],"amp_enabled":true,"_links":{"self":[{"href":"https:\/\/lahora.mx\/index.php\/wp-json\/wp\/v2\/posts\/19387","targetHints":{"allow":["GET"]}}],"collection":[{"href":"https:\/\/lahora.mx\/index.php\/wp-json\/wp\/v2\/posts"}],"about":[{"href":"https:\/\/lahora.mx\/index.php\/wp-json\/wp\/v2\/types\/post"}],"author":[{"embeddable":true,"href":"https:\/\/lahora.mx\/index.php\/wp-json\/wp\/v2\/users\/4"}],"replies":[{"embeddable":true,"href":"https:\/\/lahora.mx\/index.php\/wp-json\/wp\/v2\/comments?post=19387"}],"version-history":[{"count":1,"href":"https:\/\/lahora.mx\/index.php\/wp-json\/wp\/v2\/posts\/19387\/revisions"}],"predecessor-version":[{"id":19390,"href":"https:\/\/lahora.mx\/index.php\/wp-json\/wp\/v2\/posts\/19387\/revisions\/19390"}],"wp:featuredmedia":[{"embeddable":true,"href":"https:\/\/lahora.mx\/index.php\/wp-json\/wp\/v2\/media\/19388"}],"wp:attachment":[{"href":"https:\/\/lahora.mx\/index.php\/wp-json\/wp\/v2\/media?parent=19387"}],"wp:term":[{"taxonomy":"category","embeddable":true,"href":"https:\/\/lahora.mx\/index.php\/wp-json\/wp\/v2\/categories?post=19387"},{"taxonomy":"post_tag","embeddable":true,"href":"https:\/\/lahora.mx\/index.php\/wp-json\/wp\/v2\/tags?post=19387"}],"curies":[{"name":"wp","href":"https:\/\/api.w.org\/{rel}","templated":true}]}}