{"id":19384,"date":"2023-01-11T20:43:33","date_gmt":"2023-01-11T20:43:33","guid":{"rendered":"http:\/\/lahora.mx\/?p=19384"},"modified":"2023-01-11T20:43:34","modified_gmt":"2023-01-11T20:43:34","slug":"eduardo-rivera-cancela-proyecto-de-cinememetros-por-segunda-vez","status":"publish","type":"post","link":"https:\/\/lahora.mx\/index.php\/2023\/01\/11\/eduardo-rivera-cancela-proyecto-de-cinememetros-por-segunda-vez\/","title":{"rendered":"Eduardo Rivera cancela proyecto de Cinem\u00e9metros por segunda vez"},"content":{"rendered":"\n<p>El alcalde Eduardo Rivera P\u00e9rez asegur\u00f3 que el tema de los cinem\u00f3metros en Puebla es un proyecto que est\u00e1 cancelado por el ayuntamiento, por lo que solo se implementar\u00e1 otro tipo de pr\u00e1cticas y de medidas para generar mayor cultura vial y reducir los accidentes de tr\u00e1nsito.<\/p>\n\n\n\n<p>El 10 de enero, durante la Comisi\u00f3n de Infraestructura y Servicios P\u00fablicos, la subsecretaria de Movilidad, Rub\u00ed V\u00e1zquez Cruz, nuevamente puso sobre la mesa la implementaci\u00f3n de los reductores de velocidad, con el objetivo de inhibir el exceso de velocidad en las vialidades de la capital poblana, adem\u00e1s de coadyuvar a la disminuci\u00f3n de accidentes viales.<br>Ante este contexto, el panista manifest\u00f3 que el gobierno de la ciudad no va a poner un polic\u00eda o un agente de tr\u00e1nsito para cada automovilista, pues cada uno debe ser responsable de c\u00f3mo conduce.<\/p>\n\n\n\n<p>En entrevista, Rivera P\u00e9rez reiter\u00f3 que se respetara la declaraci\u00f3n que hizo en agosto del 2022, cuando dijo que los operativos con los medidores de velocidad quedaban descartados en el municipio, pues antes se tiene que hacer un replanteamiento integral con la sociedad, conductores, transportistas, instituciones educativas y empresarios a fin de poder construir de manera conjunta una mejor cultura vial.<br>Mencion\u00f3 que para este 2023 solo se tiene contemplado la realizaci\u00f3n de una campa\u00f1a permanente de cultura vial, pues lament\u00f3 que la capital cerrar\u00e1 el 2022 con 51 muertes viales y m\u00e1s de 6 mil siniestros, adem\u00e1s de que siguen siendo una de las peores ciudades del pa\u00eds en materia de tr\u00e1nsito y movilidad.<\/p>\n\n\n\n<p>\u201cLo que est\u00e1 autorizado por parte del gobierno de la ciudad, y lo que vamos a realizar durante todo este a\u00f1o va a ser una campa\u00f1a permanente de cultura vial, es inadmisible, como ha manifestado la directora de movilidad, que tengamos 51 muertes por accidentes de tr\u00e1fico en el municipio, estamos dentro de los primeros lugares lamentablemente por fallecimiento, productos de accidentes viales\u00bb, se\u00f1al\u00f3 Eduardo Rivera luego de afirmar que los cinem\u00f3metros en Puebla quedaban cancelados, por segunda vez.<\/p>\n","protected":false},"excerpt":{"rendered":"<p>El alcalde Eduardo Rivera P\u00e9rez asegur\u00f3 que el tema de los cinem\u00f3metros en Puebla es un proyecto que est\u00e1 cancelado por el ayuntamiento, por lo que solo se implementar\u00e1 otro tipo de pr\u00e1cticas y de medidas para generar mayor cultura vial y reducir los accidentes de tr\u00e1nsito. El 10 de enero, durante la Comisi\u00f3n de [&hellip;]<\/p>\n","protected":false},"author":4,"featured_media":19385,"comment_status":"open","ping_status":"open","sticky":false,"template":"","format":"standard","meta":{"om_disable_all_campaigns":false,"_monsterinsights_skip_tracking":false,"_monsterinsights_sitenote_active":false,"_monsterinsights_sitenote_note":"","_monsterinsights_sitenote_category":0,"footnotes":""},"categories":[175],"tags":[223],"class_list":["post-19384","post","type-post","status-publish","format-standard","has-post-thumbnail","hentry","category-local","tag-puebla"],"amp_enabled":true,"_links":{"self":[{"href":"https:\/\/lahora.mx\/index.php\/wp-json\/wp\/v2\/posts\/19384","targetHints":{"allow":["GET"]}}],"collection":[{"href":"https:\/\/lahora.mx\/index.php\/wp-json\/wp\/v2\/posts"}],"about":[{"href":"https:\/\/lahora.mx\/index.php\/wp-json\/wp\/v2\/types\/post"}],"author":[{"embeddable":true,"href":"https:\/\/lahora.mx\/index.php\/wp-json\/wp\/v2\/users\/4"}],"replies":[{"embeddable":true,"href":"https:\/\/lahora.mx\/index.php\/wp-json\/wp\/v2\/comments?post=19384"}],"version-history":[{"count":1,"href":"https:\/\/lahora.mx\/index.php\/wp-json\/wp\/v2\/posts\/19384\/revisions"}],"predecessor-version":[{"id":19386,"href":"https:\/\/lahora.mx\/index.php\/wp-json\/wp\/v2\/posts\/19384\/revisions\/19386"}],"wp:featuredmedia":[{"embeddable":true,"href":"https:\/\/lahora.mx\/index.php\/wp-json\/wp\/v2\/media\/19385"}],"wp:attachment":[{"href":"https:\/\/lahora.mx\/index.php\/wp-json\/wp\/v2\/media?parent=19384"}],"wp:term":[{"taxonomy":"category","embeddable":true,"href":"https:\/\/lahora.mx\/index.php\/wp-json\/wp\/v2\/categories?post=19384"},{"taxonomy":"post_tag","embeddable":true,"href":"https:\/\/lahora.mx\/index.php\/wp-json\/wp\/v2\/tags?post=19384"}],"curies":[{"name":"wp","href":"https:\/\/api.w.org\/{rel}","templated":true}]}}