{"id":19381,"date":"2023-01-11T20:37:16","date_gmt":"2023-01-11T20:37:16","guid":{"rendered":"http:\/\/lahora.mx\/?p=19381"},"modified":"2023-01-11T20:37:16","modified_gmt":"2023-01-11T20:37:16","slug":"gobernador-cespedes-se-reune-con-empresarios-en-casa-puebla","status":"publish","type":"post","link":"https:\/\/lahora.mx\/index.php\/2023\/01\/11\/gobernador-cespedes-se-reune-con-empresarios-en-casa-puebla\/","title":{"rendered":"Gobernador C\u00e9spedes se re\u00fane con empresarios en Casa Puebla"},"content":{"rendered":"\n<p>El gobernador del estado, Sergio Salom\u00f3n C\u00e9spedes Peregrina, se reuni\u00f3 hoy 11 de enero con m\u00e1s de 100 empresarios en Casa Puebla.<\/p>\n\n\n\n<p>A la reuni\u00f3n fueron invitados representantes de la iniciativa privada como Gabriel Posada Cueto, Salvador Miguel Bojalil, Luis Regordosa, Manuel Espinosa Maurer, Jos\u00e9 Yitani Maccise, Jos\u00e9 Gonz\u00e1lez Cobi\u00e1n y Antonio Grajales.<\/p>\n\n\n\n<p>Adem\u00e1s de Ignacio Alarc\u00f3n Rodr\u00edguez Pacheco, presidente del Consejo Coordinador Empresarial (CCE), Jorge Estefan Chidiac, diputado local por el Partido Revolucionario Institucional (PRI) y Jos\u00e9 Chedraui Budib, quien aspira a la presidencia municipal de Puebla.<\/p>\n\n\n\n<p>Los empresarios fueron recibidos en primaria instancia por el mandatario estatal acompa\u00f1ados por la secretaria de Econom\u00eda, Olivia Salom\u00f3n Vivaldo, el coordinador de gabinete, Javier Aquino Lim\u00f3n y el subsecretario de Gobernaci\u00f3n, Andr\u00e9s Villegas Mendoza.<\/p>\n\n\n\n<p>Tambi\u00e9n asistieron Alejandro Acevedo, Antonio Yitani Budib, Jos\u00e9 Antonio Torre Lamu\u00f1o, Luis Lozano Mijares, Manuel Ruiz, Pedro Yitani Budib, Rafael Ramos, Javier Miguel, Rafa Torre Lamu\u00f1o y Alejandro Rassam Andres, al igual que Abelardo Cepeda, Alfonso Ventura, C\u00e9sar Men\u00e9ndez, Felipe Garc\u00eda Mancinas, Gerardo D\u00e1vila, Guillermo D\u00e1vila, Jos\u00e9 Luis Mill\u00e1n, Jos\u00e9 Miguel Guerrero Longoria, Miguel \u00c1ngel Ar\u00e9valo, Sebasti\u00e1n Kuri y Xavier Lozano.<\/p>\n\n\n\n<p>As\u00ed como Antonio \u00c1lvarez, Emilio Canteli, Ennio Balc\u00e1zar, Enrique Villar Torroella, Gregorio Su\u00e1rez, Herberto Rodr\u00edguez, Isabel Contreras Casar\u00edn, Mario Mend\u00edvil, Ram\u00f3n Lozano, Efr\u00e9n Canto, Salvador Miguel Gabriel, Emil Nacif, Carlos Quiroz, Fernando Trevi\u00f1o, Juan Pablo Maurer, Juan Carlos Huerta, Fredy Torres, Gabriel Huerta, Enrique Ram\u00f3n, Jos\u00e9 Luis Segura Gonz\u00e1lez, Juan Jos\u00e9 Men\u00e9ndez, Carlos Javier Espinoza, Carlos Ruiz Vallejo, Ger\u00f3nimo Llano, Guillermo G\u00f3mez Sent\u00edes, Jos\u00e9 Luis Cisneros, Jos\u00e9 Mancilla, Mart\u00edn Vera y Mauro D\u00e1vila.<\/p>\n\n\n\n<p>El pasado 9 de enero C\u00e9spedes Peregrina afirm\u00f3 que tendr\u00e1 una agenda de trabajo social de gobernabilidad integrada por diferentes sectores como el empresarial, educativo y pol\u00edtico.<\/p>\n\n\n\n<p>\u00abTenemos una agenda social de gobernabilidad, estaremos reuni\u00e9ndonos con todos los partidos, con todos los sectores de los diferentes rubros, universidades, empresarios, partidos pol\u00edticos\u00bb, mencion\u00f3 esa ocasi\u00f3n el gobernador C\u00e9spedes quien hoy 11 de enero sostuvo un encuentro con m\u00e1s de 100 empresarios en Casa Puebla.<\/p>\n","protected":false},"excerpt":{"rendered":"<p>El gobernador del estado, Sergio Salom\u00f3n C\u00e9spedes Peregrina, se reuni\u00f3 hoy 11 de enero con m\u00e1s de 100 empresarios en Casa Puebla. A la reuni\u00f3n fueron invitados representantes de la iniciativa privada como Gabriel Posada Cueto, Salvador Miguel Bojalil, Luis Regordosa, Manuel Espinosa Maurer, Jos\u00e9 Yitani Maccise, Jos\u00e9 Gonz\u00e1lez Cobi\u00e1n y Antonio Grajales. Adem\u00e1s de [&hellip;]<\/p>\n","protected":false},"author":4,"featured_media":19382,"comment_status":"open","ping_status":"open","sticky":false,"template":"","format":"standard","meta":{"om_disable_all_campaigns":false,"_monsterinsights_skip_tracking":false,"_monsterinsights_sitenote_active":false,"_monsterinsights_sitenote_note":"","_monsterinsights_sitenote_category":0,"footnotes":""},"categories":[175],"tags":[195,223],"class_list":["post-19381","post","type-post","status-publish","format-standard","has-post-thumbnail","hentry","category-local","tag-principal","tag-puebla"],"amp_enabled":true,"_links":{"self":[{"href":"https:\/\/lahora.mx\/index.php\/wp-json\/wp\/v2\/posts\/19381","targetHints":{"allow":["GET"]}}],"collection":[{"href":"https:\/\/lahora.mx\/index.php\/wp-json\/wp\/v2\/posts"}],"about":[{"href":"https:\/\/lahora.mx\/index.php\/wp-json\/wp\/v2\/types\/post"}],"author":[{"embeddable":true,"href":"https:\/\/lahora.mx\/index.php\/wp-json\/wp\/v2\/users\/4"}],"replies":[{"embeddable":true,"href":"https:\/\/lahora.mx\/index.php\/wp-json\/wp\/v2\/comments?post=19381"}],"version-history":[{"count":1,"href":"https:\/\/lahora.mx\/index.php\/wp-json\/wp\/v2\/posts\/19381\/revisions"}],"predecessor-version":[{"id":19383,"href":"https:\/\/lahora.mx\/index.php\/wp-json\/wp\/v2\/posts\/19381\/revisions\/19383"}],"wp:featuredmedia":[{"embeddable":true,"href":"https:\/\/lahora.mx\/index.php\/wp-json\/wp\/v2\/media\/19382"}],"wp:attachment":[{"href":"https:\/\/lahora.mx\/index.php\/wp-json\/wp\/v2\/media?parent=19381"}],"wp:term":[{"taxonomy":"category","embeddable":true,"href":"https:\/\/lahora.mx\/index.php\/wp-json\/wp\/v2\/categories?post=19381"},{"taxonomy":"post_tag","embeddable":true,"href":"https:\/\/lahora.mx\/index.php\/wp-json\/wp\/v2\/tags?post=19381"}],"curies":[{"name":"wp","href":"https:\/\/api.w.org\/{rel}","templated":true}]}}