{"id":19378,"date":"2023-01-11T16:21:54","date_gmt":"2023-01-11T16:21:54","guid":{"rendered":"http:\/\/lahora.mx\/?p=19378"},"modified":"2023-01-11T16:21:55","modified_gmt":"2023-01-11T16:21:55","slug":"audi-mexico-y-sindicato-pactan-aumento-salarial","status":"publish","type":"post","link":"https:\/\/lahora.mx\/index.php\/2023\/01\/11\/audi-mexico-y-sindicato-pactan-aumento-salarial\/","title":{"rendered":"Audi M\u00e9xico y sindicato pactan aumento salarial"},"content":{"rendered":"\n<p>La automotriz Audi M\u00e9xico y su sindicato acordaron un incremento salarial de 9.4% directo al salario, despu\u00e9s de casi un mes de negociaciones, evitando una huelga prevista para las 11 horas de este mi\u00e9rcoles.<\/p>\n\n\n\n<p>La Secretar\u00eda del Trabajo inform\u00f3 que el incremento salarial evit\u00f3 que entraran en huelga los m\u00e1s de 5 mil 700 empleados que trabajan en la planta de Audi ubicada en San Jos\u00e9 Chiapa, Puebla.<\/p>\n\n\n\n<p>Tambi\u00e9n se logr\u00f3 reparto de 10 por ciento completo de utilidades del ejercicio fiscal 2022, y remanentes, como bono para la familia.<\/p>\n\n\n\n<p>Adem\u00e1s, los trabajadores recibir\u00e1n un retroactivo de 68 d\u00edas por la diferencia de salario entre su actual tabulador y el nuevo.<\/p>\n\n\n\n<p>Este retroactivo corresponde del 1 de diciembre de 2022 al 15 de enero de 2023 y se le suman tambi\u00e9n 22 d\u00edas de aguinaldo. El pago se har\u00e1 el pr\u00f3ximo 20 de enero.<\/p>\n\n\n\n<p>El 16 de diciembre de 2022, la primera oferta que hizo la empresa fue de 8.4 por ciento que aplicar\u00eda el 1 de enero de 2023. Una segunda oferta propon\u00eda un incremento multianual de 9.4 por ciento que aplicar\u00eda de 2023 a 2026.<\/p>\n\n\n\n<p>Ambas fueron rechazadas por el sindicato con el argumento de que eran inferiores a la inflaci\u00f3n anual.<\/p>\n\n\n\n<p>El sindicato buscaba un incremento de 18 por ciento; el dirigente del organismo, C\u00e9sar Orta Briones, dijo en su momento que su petici\u00f3n era negociable.<\/p>\n\n\n\n<p>Obreros dijeron que regresar\u00edan este d\u00eda a trabajar de forma normal confiando en que el aumento salarial acordado est\u00e1 equilibrado con el capital de la empresa, como lo afirm\u00f3 su sindicato.<\/p>\n","protected":false},"excerpt":{"rendered":"<p>La automotriz Audi M\u00e9xico y su sindicato acordaron un incremento salarial de 9.4% directo al salario, despu\u00e9s de casi un mes de negociaciones, evitando una huelga prevista para las 11 horas de este mi\u00e9rcoles. La Secretar\u00eda del Trabajo inform\u00f3 que el incremento salarial evit\u00f3 que entraran en huelga los m\u00e1s de 5 mil 700 empleados [&hellip;]<\/p>\n","protected":false},"author":4,"featured_media":19379,"comment_status":"open","ping_status":"open","sticky":false,"template":"","format":"standard","meta":{"om_disable_all_campaigns":false,"_monsterinsights_skip_tracking":false,"_monsterinsights_sitenote_active":false,"_monsterinsights_sitenote_note":"","_monsterinsights_sitenote_category":0,"footnotes":""},"categories":[175],"tags":[195,223],"class_list":["post-19378","post","type-post","status-publish","format-standard","has-post-thumbnail","hentry","category-local","tag-principal","tag-puebla"],"amp_enabled":true,"_links":{"self":[{"href":"https:\/\/lahora.mx\/index.php\/wp-json\/wp\/v2\/posts\/19378","targetHints":{"allow":["GET"]}}],"collection":[{"href":"https:\/\/lahora.mx\/index.php\/wp-json\/wp\/v2\/posts"}],"about":[{"href":"https:\/\/lahora.mx\/index.php\/wp-json\/wp\/v2\/types\/post"}],"author":[{"embeddable":true,"href":"https:\/\/lahora.mx\/index.php\/wp-json\/wp\/v2\/users\/4"}],"replies":[{"embeddable":true,"href":"https:\/\/lahora.mx\/index.php\/wp-json\/wp\/v2\/comments?post=19378"}],"version-history":[{"count":1,"href":"https:\/\/lahora.mx\/index.php\/wp-json\/wp\/v2\/posts\/19378\/revisions"}],"predecessor-version":[{"id":19380,"href":"https:\/\/lahora.mx\/index.php\/wp-json\/wp\/v2\/posts\/19378\/revisions\/19380"}],"wp:featuredmedia":[{"embeddable":true,"href":"https:\/\/lahora.mx\/index.php\/wp-json\/wp\/v2\/media\/19379"}],"wp:attachment":[{"href":"https:\/\/lahora.mx\/index.php\/wp-json\/wp\/v2\/media?parent=19378"}],"wp:term":[{"taxonomy":"category","embeddable":true,"href":"https:\/\/lahora.mx\/index.php\/wp-json\/wp\/v2\/categories?post=19378"},{"taxonomy":"post_tag","embeddable":true,"href":"https:\/\/lahora.mx\/index.php\/wp-json\/wp\/v2\/tags?post=19378"}],"curies":[{"name":"wp","href":"https:\/\/api.w.org\/{rel}","templated":true}]}}