{"id":19358,"date":"2023-01-09T00:31:45","date_gmt":"2023-01-09T00:31:45","guid":{"rendered":"http:\/\/lahora.mx\/?p=19358"},"modified":"2023-01-11T00:33:29","modified_gmt":"2023-01-11T00:33:29","slug":"encabezo-mundo-tlatehui-primera-ceremonia-civica-de-2023","status":"publish","type":"post","link":"https:\/\/lahora.mx\/index.php\/2023\/01\/09\/encabezo-mundo-tlatehui-primera-ceremonia-civica-de-2023\/","title":{"rendered":"Encabez\u00f3 Mundo Tlatehui primera ceremonia c\u00edvica de 2023"},"content":{"rendered":"\n<p>El presidente municipal, Mundo Tlatehui, encabez\u00f3 la primera Ceremonia C\u00edvica del a\u00f1o 2023, correspondiente al mes de enero donde llam\u00f3 a las y los servidores p\u00fablicos a reforzar el trabajo y demostrar el compromiso con el municipio y sus habitantes.<\/p>\n\n\n\n<p>Al respecto, el edil exhort\u00f3 a continuar trabajando por el bienestar de las y los sanandrese\u00f1os, con el firme objetivo de consolidar el cambio de rumbo y un mejor futuro para el municipio.<\/p>\n\n\n\n<p>\u00abLos convoco a redoblar esfuerzos en este 2023, demos muestra de todo el compromiso que tenemos con San Andr\u00e9s Cholula\u00bb, puntualiz\u00f3 el presidente municipal.<\/p>\n\n\n\n<figure class=\"wp-block-image size-full\"><img fetchpriority=\"high\" decoding=\"async\" width=\"986\" height=\"668\" src=\"https:\/\/lahora.mx\/wp-content\/uploads\/2023\/01\/Captura-de-pantalla-2023-01-10-a-las-18.26.36.png\" alt=\"\" class=\"wp-image-19360\" srcset=\"https:\/\/lahora.mx\/wp-content\/uploads\/2023\/01\/Captura-de-pantalla-2023-01-10-a-las-18.26.36.png 986w, https:\/\/lahora.mx\/wp-content\/uploads\/2023\/01\/Captura-de-pantalla-2023-01-10-a-las-18.26.36-300x203.png 300w, https:\/\/lahora.mx\/wp-content\/uploads\/2023\/01\/Captura-de-pantalla-2023-01-10-a-las-18.26.36-768x520.png 768w\" sizes=\"(max-width: 986px) 100vw, 986px\" \/><\/figure>\n\n\n\n<p>En este contexto, la presidenta del Sistema Municipal para el Desarrollo Integral de la Familia (SMDIF); Lupita Cuautle y el edil, entregaron los premios a los ganadores del Concurso de Nacimientos, que se realiz\u00f3 del 5 al 26 de diciembre de 2022.<\/p>\n\n\n\n<p>Al acto acudieron la s\u00edndico Felisa Jaramillo Romero, regidoras, regidores, trabajadores y trabajadoras del Ayuntamiento de San Andr\u00e9s; as\u00ed como participantes del Concurso de Nacimientos.<\/p>\n","protected":false},"excerpt":{"rendered":"<p>El presidente municipal, Mundo Tlatehui, encabez\u00f3 la primera Ceremonia C\u00edvica del a\u00f1o 2023, correspondiente al mes de enero donde llam\u00f3 a las y los servidores p\u00fablicos a reforzar el trabajo y demostrar el compromiso con el municipio y sus habitantes. Al respecto, el edil exhort\u00f3 a continuar trabajando por el bienestar de las y los [&hellip;]<\/p>\n","protected":false},"author":4,"featured_media":19359,"comment_status":"open","ping_status":"open","sticky":false,"template":"","format":"standard","meta":{"om_disable_all_campaigns":false,"_monsterinsights_skip_tracking":false,"_monsterinsights_sitenote_active":false,"_monsterinsights_sitenote_note":"","_monsterinsights_sitenote_category":0,"footnotes":""},"categories":[175],"tags":[234,223],"class_list":["post-19358","post","type-post","status-publish","format-standard","has-post-thumbnail","hentry","category-local","tag-cholula","tag-puebla"],"amp_enabled":true,"_links":{"self":[{"href":"https:\/\/lahora.mx\/index.php\/wp-json\/wp\/v2\/posts\/19358","targetHints":{"allow":["GET"]}}],"collection":[{"href":"https:\/\/lahora.mx\/index.php\/wp-json\/wp\/v2\/posts"}],"about":[{"href":"https:\/\/lahora.mx\/index.php\/wp-json\/wp\/v2\/types\/post"}],"author":[{"embeddable":true,"href":"https:\/\/lahora.mx\/index.php\/wp-json\/wp\/v2\/users\/4"}],"replies":[{"embeddable":true,"href":"https:\/\/lahora.mx\/index.php\/wp-json\/wp\/v2\/comments?post=19358"}],"version-history":[{"count":1,"href":"https:\/\/lahora.mx\/index.php\/wp-json\/wp\/v2\/posts\/19358\/revisions"}],"predecessor-version":[{"id":19361,"href":"https:\/\/lahora.mx\/index.php\/wp-json\/wp\/v2\/posts\/19358\/revisions\/19361"}],"wp:featuredmedia":[{"embeddable":true,"href":"https:\/\/lahora.mx\/index.php\/wp-json\/wp\/v2\/media\/19359"}],"wp:attachment":[{"href":"https:\/\/lahora.mx\/index.php\/wp-json\/wp\/v2\/media?parent=19358"}],"wp:term":[{"taxonomy":"category","embeddable":true,"href":"https:\/\/lahora.mx\/index.php\/wp-json\/wp\/v2\/categories?post=19358"},{"taxonomy":"post_tag","embeddable":true,"href":"https:\/\/lahora.mx\/index.php\/wp-json\/wp\/v2\/tags?post=19358"}],"curies":[{"name":"wp","href":"https:\/\/api.w.org\/{rel}","templated":true}]}}