{"id":19355,"date":"2023-01-10T23:51:11","date_gmt":"2023-01-10T23:51:11","guid":{"rendered":"http:\/\/lahora.mx\/?p=19355"},"modified":"2023-01-10T23:51:12","modified_gmt":"2023-01-10T23:51:12","slug":"del-9-al-13-de-enero-las-brigadas-instalaran-15-modulos-en-los-municipios-de-tlaxcala-para-dosis-de-refuerzo-contra-covid-19","status":"publish","type":"post","link":"https:\/\/lahora.mx\/index.php\/2023\/01\/10\/del-9-al-13-de-enero-las-brigadas-instalaran-15-modulos-en-los-municipios-de-tlaxcala-para-dosis-de-refuerzo-contra-covid-19\/","title":{"rendered":"Del 9 al 13 de enero las brigadas instalar\u00e1n 15 m\u00f3dulos en los municipios de Tlaxcala para dosis de refuerzo contra COVID-19"},"content":{"rendered":"\n<p>A trav\u00e9s del Sector Salud, en coordinaci\u00f3n con la Delegaci\u00f3n de la Secretar\u00eda de Bienestar en Tlaxcala, invita a la poblaci\u00f3n tlaxcalteca a que acuda a los m\u00f3dulos de vacunaci\u00f3n a recibir su primera dosis o el refuerzo que corresponda contra #COVID19.<br>Del 9 al 13 de enero las brigadas instalar\u00e1n 15 m\u00f3dulos en los municipios de Apizaco, Huamantla, Tlaxcala, Calpulalpan, Contla, Ixtenco, Totolac, Tetla, Zacualpan y Zacatelco para aplicar primeras y segundas dosis a infantes de 5 a 11 a\u00f1os de edad, primeras dosis para mayores de 18 a\u00f1os en adelante y refuerzo universal para personas de 60 a\u00f1os en adelante.<br>Se destina el biol\u00f3gico #Abdala para personas de 18 a\u00f1os en adelante y mayores de 60 a\u00f1os de edad, que cuenta con la preaprobaci\u00f3n de la Organizaci\u00f3n Mundial de la Salud (OMS), misma que tiene una eficacia del 98.1 por ciento; a los infantes de 5 a 11 a\u00f1os de edad se les est\u00e1 aplicando la vacuna pedi\u00e1trica de Pfizer.<br>Asimismo, del 9 al 13 de enero de 2023, los m\u00f3dulos estar\u00e1n instalados en el Centro de Salud Urbano de Tlaxcala y Plaza Comercial Galer\u00edas Tlaxcala, de 9:00 a 15:00 horas, y de 12:00 a 17:00 horas respectivamente.<br>Tambi\u00e9n, en esos d\u00edas se aplicar\u00e1 la vacuna en las Unidades de Medicina Familiar del Instituto de Seguridad y Servicios Sociales de los Trabajadores del Estado (Issste) de la comunidad de Tizatl\u00e1n en Tlaxcala, y las que se encuentran en Apizaco, Zacatelco, Huamantla y Calpulalpan, de 9:00 a 19:30 horas.<br>El martes 10 de enero en los auditorios municipales de Contla de Juan Cuamatzi e Ixtenco, ofrecer\u00e1n la vacuna contra Covid-19 en un horario de 9:00 a 16:00 horas y de 8:30 a 15:00 horas respectivamente.<br>Ese mismo d\u00eda, en el municipio de San Juan Totolac, la vacunaci\u00f3n se realizar\u00e1 en el auditorio municipal y en la Cancha Deportiva de la Candelaria Teotlalpan en un horario de 9:00 a 15:30 horas.<br>Pare el mi\u00e9rcoles 11 de enero, la poblaci\u00f3n podr\u00e1 acudir por su vacuna de primera dosis para personas mayores de 18 a\u00f1os y dosis de refuerzo para adultos mayores de 60 a\u00f1os.<br>El Sector Salud de Tlaxcala y la delegaci\u00f3n de la Secretar\u00eda de Bienestar destacaron que es importante que la poblaci\u00f3n acuda a los puntos de vacunaci\u00f3n que se establecen para que cuenten con la adecuada protecci\u00f3n en esta temporada de fr\u00edo y ante el incremento de casos de contagios de Covid-19.<\/p>\n","protected":false},"excerpt":{"rendered":"<p>A trav\u00e9s del Sector Salud, en coordinaci\u00f3n con la Delegaci\u00f3n de la Secretar\u00eda de Bienestar en Tlaxcala, invita a la poblaci\u00f3n tlaxcalteca a que acuda a los m\u00f3dulos de vacunaci\u00f3n a recibir su primera dosis o el refuerzo que corresponda contra #COVID19.Del 9 al 13 de enero las brigadas instalar\u00e1n 15 m\u00f3dulos en los municipios [&hellip;]<\/p>\n","protected":false},"author":4,"featured_media":19356,"comment_status":"open","ping_status":"open","sticky":false,"template":"","format":"standard","meta":{"om_disable_all_campaigns":false,"_monsterinsights_skip_tracking":false,"_monsterinsights_sitenote_active":false,"_monsterinsights_sitenote_note":"","_monsterinsights_sitenote_category":0,"footnotes":""},"categories":[175],"tags":[223,210],"class_list":["post-19355","post","type-post","status-publish","format-standard","has-post-thumbnail","hentry","category-local","tag-puebla","tag-tlaxcala"],"amp_enabled":true,"_links":{"self":[{"href":"https:\/\/lahora.mx\/index.php\/wp-json\/wp\/v2\/posts\/19355","targetHints":{"allow":["GET"]}}],"collection":[{"href":"https:\/\/lahora.mx\/index.php\/wp-json\/wp\/v2\/posts"}],"about":[{"href":"https:\/\/lahora.mx\/index.php\/wp-json\/wp\/v2\/types\/post"}],"author":[{"embeddable":true,"href":"https:\/\/lahora.mx\/index.php\/wp-json\/wp\/v2\/users\/4"}],"replies":[{"embeddable":true,"href":"https:\/\/lahora.mx\/index.php\/wp-json\/wp\/v2\/comments?post=19355"}],"version-history":[{"count":1,"href":"https:\/\/lahora.mx\/index.php\/wp-json\/wp\/v2\/posts\/19355\/revisions"}],"predecessor-version":[{"id":19357,"href":"https:\/\/lahora.mx\/index.php\/wp-json\/wp\/v2\/posts\/19355\/revisions\/19357"}],"wp:featuredmedia":[{"embeddable":true,"href":"https:\/\/lahora.mx\/index.php\/wp-json\/wp\/v2\/media\/19356"}],"wp:attachment":[{"href":"https:\/\/lahora.mx\/index.php\/wp-json\/wp\/v2\/media?parent=19355"}],"wp:term":[{"taxonomy":"category","embeddable":true,"href":"https:\/\/lahora.mx\/index.php\/wp-json\/wp\/v2\/categories?post=19355"},{"taxonomy":"post_tag","embeddable":true,"href":"https:\/\/lahora.mx\/index.php\/wp-json\/wp\/v2\/tags?post=19355"}],"curies":[{"name":"wp","href":"https:\/\/api.w.org\/{rel}","templated":true}]}}