{"id":19352,"date":"2023-01-10T22:33:54","date_gmt":"2023-01-10T22:33:54","guid":{"rendered":"http:\/\/lahora.mx\/?p=19352"},"modified":"2023-01-10T22:33:55","modified_gmt":"2023-01-10T22:33:55","slug":"el-senado-atento-a-los-acuerdos-de-la-x-cumbre-de-lideres-de-america-del-norte-armenta","status":"publish","type":"post","link":"https:\/\/lahora.mx\/index.php\/2023\/01\/10\/el-senado-atento-a-los-acuerdos-de-la-x-cumbre-de-lideres-de-america-del-norte-armenta\/","title":{"rendered":"El Senado atento a los acuerdos de la X Cumbre de L\u00edderes de Am\u00e9rica del Norte: Armenta"},"content":{"rendered":"\n<p>El senador poblano Alejandro Armenta refiri\u00f3 que el presidente L\u00f3pez Obrador promovi\u00f3 el T-MEC como un instrumento valioso de intercambio comercial justo.<\/p>\n\n\n\n<p>Ciudad de M\u00e9xico. Desde el Senado de la Rep\u00fablica, los grupos parlamentarios estaremos pendientes de los resultados y acuerdos que se logren en esta X Cumbre de L\u00edderes de Am\u00e9rica del Norte para lo conducente en la construcci\u00f3n de mejores condiciones para el desarrollo social y comercial entre Estados Unidos, Canad\u00e1 y M\u00e9xico puntualiz\u00f3 el presidente de la C\u00e1mara Alta, Alejandro Armenta.<\/p>\n\n\n\n<p>El legislador poblano record\u00f3 que el Senado de la Rep\u00fablica tiene la facultad de avalar los tratados internacionales que firma el Ejecutivo Federal y, en marco de la Cumbre Trilateral \u201cel presidente L\u00f3pez Obrador resalt\u00f3 que el intercambio comercial a trav\u00e9s del T-MEC es uno de los asuntos que forma parte de la agenda, adem\u00e1s de que este acuerdo ha sido considerado como un instrumento adecuado para establecer condiciones justas y de inclusi\u00f3n entre las 3 naciones\u201d.<\/p>\n\n\n\n<p>Refiri\u00f3 que uno de los temas importantes que se incluyeron en esta cumbre es la movilidad laboral en el tema de cooperaci\u00f3n bilateral de migraci\u00f3n, donde el Gobierno de M\u00e9xico busca fortalecer sus pol\u00edticas y programas para hacer valer los derechos de las personas migrantes en nuestro pa\u00eds, en estrecha coordinaci\u00f3n con organismos internacionales.<\/p>\n\n\n\n<p>El senador Armenta se\u00f1al\u00f3 que el compromiso de las y los legisladores es el impulso de iniciativas que fortalezcan la competitividad del pa\u00eds mediante mecanismos que combatan la pobreza y la desigualdad, promoviendo una mejor distribuci\u00f3n de la riqueza.<\/p>\n","protected":false},"excerpt":{"rendered":"<p>El senador poblano Alejandro Armenta refiri\u00f3 que el presidente L\u00f3pez Obrador promovi\u00f3 el T-MEC como un instrumento valioso de intercambio comercial justo. Ciudad de M\u00e9xico. Desde el Senado de la Rep\u00fablica, los grupos parlamentarios estaremos pendientes de los resultados y acuerdos que se logren en esta X Cumbre de L\u00edderes de Am\u00e9rica del Norte para [&hellip;]<\/p>\n","protected":false},"author":4,"featured_media":19353,"comment_status":"open","ping_status":"open","sticky":false,"template":"","format":"standard","meta":{"om_disable_all_campaigns":false,"_monsterinsights_skip_tracking":false,"_monsterinsights_sitenote_active":false,"_monsterinsights_sitenote_note":"","_monsterinsights_sitenote_category":0,"footnotes":""},"categories":[175],"tags":[223],"class_list":["post-19352","post","type-post","status-publish","format-standard","has-post-thumbnail","hentry","category-local","tag-puebla"],"amp_enabled":true,"_links":{"self":[{"href":"https:\/\/lahora.mx\/index.php\/wp-json\/wp\/v2\/posts\/19352","targetHints":{"allow":["GET"]}}],"collection":[{"href":"https:\/\/lahora.mx\/index.php\/wp-json\/wp\/v2\/posts"}],"about":[{"href":"https:\/\/lahora.mx\/index.php\/wp-json\/wp\/v2\/types\/post"}],"author":[{"embeddable":true,"href":"https:\/\/lahora.mx\/index.php\/wp-json\/wp\/v2\/users\/4"}],"replies":[{"embeddable":true,"href":"https:\/\/lahora.mx\/index.php\/wp-json\/wp\/v2\/comments?post=19352"}],"version-history":[{"count":1,"href":"https:\/\/lahora.mx\/index.php\/wp-json\/wp\/v2\/posts\/19352\/revisions"}],"predecessor-version":[{"id":19354,"href":"https:\/\/lahora.mx\/index.php\/wp-json\/wp\/v2\/posts\/19352\/revisions\/19354"}],"wp:featuredmedia":[{"embeddable":true,"href":"https:\/\/lahora.mx\/index.php\/wp-json\/wp\/v2\/media\/19353"}],"wp:attachment":[{"href":"https:\/\/lahora.mx\/index.php\/wp-json\/wp\/v2\/media?parent=19352"}],"wp:term":[{"taxonomy":"category","embeddable":true,"href":"https:\/\/lahora.mx\/index.php\/wp-json\/wp\/v2\/categories?post=19352"},{"taxonomy":"post_tag","embeddable":true,"href":"https:\/\/lahora.mx\/index.php\/wp-json\/wp\/v2\/tags?post=19352"}],"curies":[{"name":"wp","href":"https:\/\/api.w.org\/{rel}","templated":true}]}}