{"id":19343,"date":"2023-01-10T22:03:05","date_gmt":"2023-01-10T22:03:05","guid":{"rendered":"http:\/\/lahora.mx\/?p=19343"},"modified":"2023-01-10T22:03:05","modified_gmt":"2023-01-10T22:03:05","slug":"se-fortalecen-estrategias-para-combatir-incendios-forestales-en-puebla","status":"publish","type":"post","link":"https:\/\/lahora.mx\/index.php\/2023\/01\/10\/se-fortalecen-estrategias-para-combatir-incendios-forestales-en-puebla\/","title":{"rendered":"Se fortalecen estrategias para combatir incendios forestales en Puebla"},"content":{"rendered":"\n<p>El gobierno de Puebla mantiene firme el compromiso de fortalecer las estrategias para cuidar el medio ambiente y combatir incendios forestales, puntualiz\u00f3 el gobernador Sergio Salom\u00f3n C\u00e9spedes Peregrina al reafirmar la coordinaci\u00f3n con federaci\u00f3n y municipios para atender dichos siniestros.<br>En su mensaje, el mandatario recalc\u00f3 que solo con unidad, Puebla seguir\u00e1 adelante y habr\u00e1 mejores resultados en diversos temas, como lo es el ambiental.<\/p>\n\n\n\n<p>Reconoci\u00f3 la labor que realizan los brigadistas forestales y dijo que la actual administraci\u00f3n no los dejar\u00e1 solos y siempre buscar\u00e1 fortalecer su funci\u00f3n, ya que no solo coadyuvan al cuidado del medio ambiente sino tambi\u00e9n a garantizar la integridad de las y los poblanos.<\/p>\n\n\n\n<p>C\u00e9spedes Peregrina recalc\u00f3 que su gobierno, a trav\u00e9s de la Secretar\u00eda de Medio Ambiente, Desarrollo Sustentable y Ordenamiento Territorial, promueve acciones para reducir los impactos negativos al ecosistema.<\/p>\n\n\n\n<p>La secretaria de Medio Ambiente, Desarrollo Sustentable y Ordenamiento Territorial, Beatriz Manrique Guevara puntualiz\u00f3 que, derivado de la inversi\u00f3n hecha para el mejoramiento de instrumentos tecnol\u00f3gicos, la actual administraci\u00f3n estatal ha reducido el tiempo de respuesta para atender incendios forestales.<br>Se\u00f1al\u00f3 que lo anterior demuestra que el Gobierno del Estado aplica correctamente los recursos p\u00fablicos, adem\u00e1s de que son reforzadas las acciones para reducir los impactos negativos al medio ambiente. Asimismo, puntualiz\u00f3 que Puebla es una de las entidades con mayor infraestructura en la materia, ya que cuenta con un centro de monitoreo integrado con 29 c\u00e1maras y 12 brigadas de hombres y una mujer, Te\u00f3fila Luisa Dom\u00ednguez.<\/p>\n\n\n\n<p>Fernando Silva Triste, encargado de la Oficina de Representaci\u00f3n de la Secretar\u00eda de Medio Ambiente y Recursos Naturales (SEMARNAT) en Puebla, reconoci\u00f3 la labor del gobierno estatal para cuidar los bosques y combatir los incendios forestales. En este sentido, puntualiz\u00f3 que las afectaciones a \u00e1reas verdes por dichos siniestros han disminuido considerablemente desde que arranc\u00f3 la actual administraci\u00f3n.<\/p>\n\n\n\n<p>En el acto estuvieron los diputados locales, Jaime Natale Uranga y M\u00f3nica Silva Ruiz; secretarios del gabinete estatal; el presidente municipal de Amozoc, Mario de la Rosa Romero, as\u00ed como brigadistas forestales.<\/p>\n","protected":false},"excerpt":{"rendered":"<p>El gobierno de Puebla mantiene firme el compromiso de fortalecer las estrategias para cuidar el medio ambiente y combatir incendios forestales, puntualiz\u00f3 el gobernador Sergio Salom\u00f3n C\u00e9spedes Peregrina al reafirmar la coordinaci\u00f3n con federaci\u00f3n y municipios para atender dichos siniestros.En su mensaje, el mandatario recalc\u00f3 que solo con unidad, Puebla seguir\u00e1 adelante y habr\u00e1 mejores [&hellip;]<\/p>\n","protected":false},"author":4,"featured_media":19344,"comment_status":"open","ping_status":"open","sticky":false,"template":"","format":"standard","meta":{"om_disable_all_campaigns":false,"_monsterinsights_skip_tracking":false,"_monsterinsights_sitenote_active":false,"_monsterinsights_sitenote_note":"","_monsterinsights_sitenote_category":0,"footnotes":""},"categories":[175],"tags":[223],"class_list":["post-19343","post","type-post","status-publish","format-standard","has-post-thumbnail","hentry","category-local","tag-puebla"],"amp_enabled":true,"_links":{"self":[{"href":"https:\/\/lahora.mx\/index.php\/wp-json\/wp\/v2\/posts\/19343","targetHints":{"allow":["GET"]}}],"collection":[{"href":"https:\/\/lahora.mx\/index.php\/wp-json\/wp\/v2\/posts"}],"about":[{"href":"https:\/\/lahora.mx\/index.php\/wp-json\/wp\/v2\/types\/post"}],"author":[{"embeddable":true,"href":"https:\/\/lahora.mx\/index.php\/wp-json\/wp\/v2\/users\/4"}],"replies":[{"embeddable":true,"href":"https:\/\/lahora.mx\/index.php\/wp-json\/wp\/v2\/comments?post=19343"}],"version-history":[{"count":1,"href":"https:\/\/lahora.mx\/index.php\/wp-json\/wp\/v2\/posts\/19343\/revisions"}],"predecessor-version":[{"id":19345,"href":"https:\/\/lahora.mx\/index.php\/wp-json\/wp\/v2\/posts\/19343\/revisions\/19345"}],"wp:featuredmedia":[{"embeddable":true,"href":"https:\/\/lahora.mx\/index.php\/wp-json\/wp\/v2\/media\/19344"}],"wp:attachment":[{"href":"https:\/\/lahora.mx\/index.php\/wp-json\/wp\/v2\/media?parent=19343"}],"wp:term":[{"taxonomy":"category","embeddable":true,"href":"https:\/\/lahora.mx\/index.php\/wp-json\/wp\/v2\/categories?post=19343"},{"taxonomy":"post_tag","embeddable":true,"href":"https:\/\/lahora.mx\/index.php\/wp-json\/wp\/v2\/tags?post=19343"}],"curies":[{"name":"wp","href":"https:\/\/api.w.org\/{rel}","templated":true}]}}