{"id":19340,"date":"2023-01-10T21:28:49","date_gmt":"2023-01-10T21:28:49","guid":{"rendered":"http:\/\/lahora.mx\/?p=19340"},"modified":"2023-01-10T21:28:50","modified_gmt":"2023-01-10T21:28:50","slug":"tlatehui-anuncia-nuevos-secretarios-de-seguridad-y-contraloria-en-cholula","status":"publish","type":"post","link":"https:\/\/lahora.mx\/index.php\/2023\/01\/10\/tlatehui-anuncia-nuevos-secretarios-de-seguridad-y-contraloria-en-cholula\/","title":{"rendered":"Tlatehui anuncia nuevos secretarios de Seguridad y Contralor\u00eda en Cholula"},"content":{"rendered":"\n<p>El presidente municipal de San Andr\u00e9s Cholula, Edmundo Tlatehui Percino, inform\u00f3 que V\u00edctor \u00c1vila Andrade ser\u00e1 el nuevo secretario de Seguridad P\u00fablica Municipal, mientras que Edmundo Caba\u00f1as Sosa se quedar\u00e1 como titular de la Contralor\u00eda Municipal.<\/p>\n\n\n\n<p>En entrevista durante la primera ceremonia c\u00edvica de 2023, el edil sanandrese\u00f1o indic\u00f3 que V\u00edctor \u00c1vila lleva poco m\u00e1s de un mes como encargado de despacho de la secretaria de Seguridad P\u00fablica tras la renuncia de Humberto Rivera Garc\u00eda; por lo cual su ascenso como nuevo secretario est\u00e1 ampliamente respaldado por los regidores de su municipio.<\/p>\n\n\n\n<p>\u201cDespu\u00e9s de un mes, dir\u00eda que la percepci\u00f3n ha sido positiva, el trabajo ha sido constante, tengo muestra de ello, en todo momento si acontece algo, se est\u00e1 reportando por peque\u00f1o que sea, acude V\u00edctor \u00c1vila, y bueno brindando el apoyo a la ciudadan\u00eda, que es algo que ellos esperan de ser tomados en cuenta\u00bb, declar\u00f3 Tlatehui.<\/p>\n\n\n\n<p>Podr\u00eda interesarte: Reporta San Andr\u00e9s Cholula saldo blanco en Operativo Guadalupe-Reyes<\/p>\n\n\n\n<p>Finalmente, Tlatehui Percino refiri\u00f3 que Edmundo Caba\u00f1as tambi\u00e9n lleva un tiempo como encargado de despacho, por lo que tras su buen rendimiento es merecido su nombramiento para encabezar la Contralor\u00eda Municipal.<\/p>\n","protected":false},"excerpt":{"rendered":"<p>El presidente municipal de San Andr\u00e9s Cholula, Edmundo Tlatehui Percino, inform\u00f3 que V\u00edctor \u00c1vila Andrade ser\u00e1 el nuevo secretario de Seguridad P\u00fablica Municipal, mientras que Edmundo Caba\u00f1as Sosa se quedar\u00e1 como titular de la Contralor\u00eda Municipal. En entrevista durante la primera ceremonia c\u00edvica de 2023, el edil sanandrese\u00f1o indic\u00f3 que V\u00edctor \u00c1vila lleva poco m\u00e1s [&hellip;]<\/p>\n","protected":false},"author":4,"featured_media":19341,"comment_status":"open","ping_status":"open","sticky":false,"template":"","format":"standard","meta":{"om_disable_all_campaigns":false,"_monsterinsights_skip_tracking":false,"_monsterinsights_sitenote_active":false,"_monsterinsights_sitenote_note":"","_monsterinsights_sitenote_category":0,"footnotes":""},"categories":[175],"tags":[223],"class_list":["post-19340","post","type-post","status-publish","format-standard","has-post-thumbnail","hentry","category-local","tag-puebla"],"amp_enabled":true,"_links":{"self":[{"href":"https:\/\/lahora.mx\/index.php\/wp-json\/wp\/v2\/posts\/19340","targetHints":{"allow":["GET"]}}],"collection":[{"href":"https:\/\/lahora.mx\/index.php\/wp-json\/wp\/v2\/posts"}],"about":[{"href":"https:\/\/lahora.mx\/index.php\/wp-json\/wp\/v2\/types\/post"}],"author":[{"embeddable":true,"href":"https:\/\/lahora.mx\/index.php\/wp-json\/wp\/v2\/users\/4"}],"replies":[{"embeddable":true,"href":"https:\/\/lahora.mx\/index.php\/wp-json\/wp\/v2\/comments?post=19340"}],"version-history":[{"count":1,"href":"https:\/\/lahora.mx\/index.php\/wp-json\/wp\/v2\/posts\/19340\/revisions"}],"predecessor-version":[{"id":19342,"href":"https:\/\/lahora.mx\/index.php\/wp-json\/wp\/v2\/posts\/19340\/revisions\/19342"}],"wp:featuredmedia":[{"embeddable":true,"href":"https:\/\/lahora.mx\/index.php\/wp-json\/wp\/v2\/media\/19341"}],"wp:attachment":[{"href":"https:\/\/lahora.mx\/index.php\/wp-json\/wp\/v2\/media?parent=19340"}],"wp:term":[{"taxonomy":"category","embeddable":true,"href":"https:\/\/lahora.mx\/index.php\/wp-json\/wp\/v2\/categories?post=19340"},{"taxonomy":"post_tag","embeddable":true,"href":"https:\/\/lahora.mx\/index.php\/wp-json\/wp\/v2\/tags?post=19340"}],"curies":[{"name":"wp","href":"https:\/\/api.w.org\/{rel}","templated":true}]}}