{"id":19331,"date":"2023-01-10T20:47:10","date_gmt":"2023-01-10T20:47:10","guid":{"rendered":"http:\/\/lahora.mx\/?p=19331"},"modified":"2023-01-10T20:47:11","modified_gmt":"2023-01-10T20:47:11","slug":"no-habra-impunidad-en-el-caso-del-ex-director-de-carreteras-de-cuota-asegura-el-gobernador-sergio-salomon","status":"publish","type":"post","link":"https:\/\/lahora.mx\/index.php\/2023\/01\/10\/no-habra-impunidad-en-el-caso-del-ex-director-de-carreteras-de-cuota-asegura-el-gobernador-sergio-salomon\/","title":{"rendered":"No habr\u00e1 impunidad en el caso del ex director de Carreteras de Cuota, asegura el gobernador Sergio Salom\u00f3n"},"content":{"rendered":"\n<p>El gobernador Sergio Salom\u00f3n C\u00e9spedes asegur\u00f3 que no habr\u00e1 impunidad en el caso del ex director del OPD de Carreteras de Cuota, Rodolfo N, adem\u00e1s mencion\u00f3 que no existe ning\u00fan tipo de persecuci\u00f3n pol\u00edtica.<\/p>\n\n\n\n<p>En rueda de prensa C\u00e9spedes Peregrina mencion\u00f3 que en su administraci\u00f3n solo se har\u00e1 valer la ley y no hay una persecuci\u00f3n pol\u00edtica como buscan hacerlo creer con la detenci\u00f3n de Rodolfo N.<\/p>\n\n\n\n<p>En este sentido, mencion\u00f3 que se busca llegar hasta las \u00faltimas consecuencias, pues declar\u00f3 que no habr\u00e1 impunidad en este caso, ni en cualquier otro relacionado con la corrupci\u00f3n.<\/p>\n\n\n\n<p>Rodolfo N fue detenido por la Fiscal\u00eda General del Estado por el delito de uso il\u00edcito de atribuciones y facultades que habr\u00eda cometido en el a\u00f1o 2020 en su calidad como director general del Organismo P\u00fablico Descentralizado denominado Carreteras de Cuota-Puebla.<\/p>\n","protected":false},"excerpt":{"rendered":"<p>El gobernador Sergio Salom\u00f3n C\u00e9spedes asegur\u00f3 que no habr\u00e1 impunidad en el caso del ex director del OPD de Carreteras de Cuota, Rodolfo N, adem\u00e1s mencion\u00f3 que no existe ning\u00fan tipo de persecuci\u00f3n pol\u00edtica. En rueda de prensa C\u00e9spedes Peregrina mencion\u00f3 que en su administraci\u00f3n solo se har\u00e1 valer la ley y no hay una [&hellip;]<\/p>\n","protected":false},"author":4,"featured_media":19332,"comment_status":"open","ping_status":"open","sticky":false,"template":"","format":"standard","meta":{"om_disable_all_campaigns":false,"_monsterinsights_skip_tracking":false,"_monsterinsights_sitenote_active":false,"_monsterinsights_sitenote_note":"","_monsterinsights_sitenote_category":0,"footnotes":""},"categories":[175],"tags":[223],"class_list":["post-19331","post","type-post","status-publish","format-standard","has-post-thumbnail","hentry","category-local","tag-puebla"],"amp_enabled":true,"_links":{"self":[{"href":"https:\/\/lahora.mx\/index.php\/wp-json\/wp\/v2\/posts\/19331","targetHints":{"allow":["GET"]}}],"collection":[{"href":"https:\/\/lahora.mx\/index.php\/wp-json\/wp\/v2\/posts"}],"about":[{"href":"https:\/\/lahora.mx\/index.php\/wp-json\/wp\/v2\/types\/post"}],"author":[{"embeddable":true,"href":"https:\/\/lahora.mx\/index.php\/wp-json\/wp\/v2\/users\/4"}],"replies":[{"embeddable":true,"href":"https:\/\/lahora.mx\/index.php\/wp-json\/wp\/v2\/comments?post=19331"}],"version-history":[{"count":1,"href":"https:\/\/lahora.mx\/index.php\/wp-json\/wp\/v2\/posts\/19331\/revisions"}],"predecessor-version":[{"id":19333,"href":"https:\/\/lahora.mx\/index.php\/wp-json\/wp\/v2\/posts\/19331\/revisions\/19333"}],"wp:featuredmedia":[{"embeddable":true,"href":"https:\/\/lahora.mx\/index.php\/wp-json\/wp\/v2\/media\/19332"}],"wp:attachment":[{"href":"https:\/\/lahora.mx\/index.php\/wp-json\/wp\/v2\/media?parent=19331"}],"wp:term":[{"taxonomy":"category","embeddable":true,"href":"https:\/\/lahora.mx\/index.php\/wp-json\/wp\/v2\/categories?post=19331"},{"taxonomy":"post_tag","embeddable":true,"href":"https:\/\/lahora.mx\/index.php\/wp-json\/wp\/v2\/tags?post=19331"}],"curies":[{"name":"wp","href":"https:\/\/api.w.org\/{rel}","templated":true}]}}