{"id":1932,"date":"2022-01-20T22:11:03","date_gmt":"2022-01-20T22:11:03","guid":{"rendered":"http:\/\/lahora.mx\/?p=1932"},"modified":"2022-01-20T22:12:00","modified_gmt":"2022-01-20T22:12:00","slug":"o-todos-coludos-o-todos-rabones-lalo-plantea-accion-de-inconstitucionalidad-para-cobrar-el-dap","status":"publish","type":"post","link":"https:\/\/lahora.mx\/index.php\/2022\/01\/20\/o-todos-coludos-o-todos-rabones-lalo-plantea-accion-de-inconstitucionalidad-para-cobrar-el-dap\/","title":{"rendered":"O todos coludos o todos rabones: Lalo plantea acci\u00f3n de inconstitucionalidad para cobrar el DAP"},"content":{"rendered":"<p>El alcalde\u00a0<strong>Eduardo Rivera P\u00e9rez<\/strong> confirm\u00f3 que analiza presentar\u00a0 una acci\u00f3n inconstitucional en contra del Congreso del Estado, luego de que el poder legislativo rechaz\u00f3 que su gobierno cobrar\u00e1 el\u00a0 Derecho de Alumbrado Publico DAP\u00a0<strong><br \/>\n<\/strong>El edil explic\u00f3 que esto se debe a que busca que el Congreso Local sea justo, pues si acept\u00f3 que en 140 municipios <strong>\u00a0<\/strong> se cobrar\u00e1 el DAP<strong>,<\/strong>\u00a0el municipio de Puebla tambi\u00e9n debe hacerlo.<\/p>\n","protected":false},"excerpt":{"rendered":"<p>El alcalde\u00a0Eduardo Rivera P\u00e9rez confirm\u00f3 que analiza presentar\u00a0 una acci\u00f3n inconstitucional en contra del Congreso del Estado, luego de que el poder legislativo rechaz\u00f3 que su gobierno cobrar\u00e1 el\u00a0 Derecho de Alumbrado Publico DAP\u00a0 El edil explic\u00f3 que esto se debe a que busca que el Congreso Local sea justo, pues si acept\u00f3 que en [&hellip;]<\/p>\n","protected":false},"author":4,"featured_media":1933,"comment_status":"open","ping_status":"open","sticky":false,"template":"","format":"standard","meta":{"om_disable_all_campaigns":false,"_monsterinsights_skip_tracking":false,"_monsterinsights_sitenote_active":false,"_monsterinsights_sitenote_note":"","_monsterinsights_sitenote_category":0,"footnotes":""},"categories":[175],"tags":[],"class_list":["post-1932","post","type-post","status-publish","format-standard","has-post-thumbnail","hentry","category-local"],"amp_enabled":true,"_links":{"self":[{"href":"https:\/\/lahora.mx\/index.php\/wp-json\/wp\/v2\/posts\/1932","targetHints":{"allow":["GET"]}}],"collection":[{"href":"https:\/\/lahora.mx\/index.php\/wp-json\/wp\/v2\/posts"}],"about":[{"href":"https:\/\/lahora.mx\/index.php\/wp-json\/wp\/v2\/types\/post"}],"author":[{"embeddable":true,"href":"https:\/\/lahora.mx\/index.php\/wp-json\/wp\/v2\/users\/4"}],"replies":[{"embeddable":true,"href":"https:\/\/lahora.mx\/index.php\/wp-json\/wp\/v2\/comments?post=1932"}],"version-history":[{"count":1,"href":"https:\/\/lahora.mx\/index.php\/wp-json\/wp\/v2\/posts\/1932\/revisions"}],"predecessor-version":[{"id":1934,"href":"https:\/\/lahora.mx\/index.php\/wp-json\/wp\/v2\/posts\/1932\/revisions\/1934"}],"wp:featuredmedia":[{"embeddable":true,"href":"https:\/\/lahora.mx\/index.php\/wp-json\/wp\/v2\/media\/1933"}],"wp:attachment":[{"href":"https:\/\/lahora.mx\/index.php\/wp-json\/wp\/v2\/media?parent=1932"}],"wp:term":[{"taxonomy":"category","embeddable":true,"href":"https:\/\/lahora.mx\/index.php\/wp-json\/wp\/v2\/categories?post=1932"},{"taxonomy":"post_tag","embeddable":true,"href":"https:\/\/lahora.mx\/index.php\/wp-json\/wp\/v2\/tags?post=1932"}],"curies":[{"name":"wp","href":"https:\/\/api.w.org\/{rel}","templated":true}]}}