{"id":19280,"date":"2023-01-09T17:16:05","date_gmt":"2023-01-09T17:16:05","guid":{"rendered":"http:\/\/lahora.mx\/?p=19280"},"modified":"2023-01-09T17:16:06","modified_gmt":"2023-01-09T17:16:06","slug":"migracion-e-integracion-economica-fueron-los-temas-que-hablo-lopez-obrador-con-biden","status":"publish","type":"post","link":"https:\/\/lahora.mx\/index.php\/2023\/01\/09\/migracion-e-integracion-economica-fueron-los-temas-que-hablo-lopez-obrador-con-biden\/","title":{"rendered":"Migraci\u00f3n e integraci\u00f3n econ\u00f3mica fueron los temas que hablo L\u00f3pez Obrador con Biden"},"content":{"rendered":"\n<p class=\"wp-block-paragraph\">on\u00f3mica fueron los temas que abordaron los mandatarios durante el trayecto que realizaron ambos del Aeropuerto Internacional Felipe \u00c1ngeles (AIFA) al hotel donde se hospeda el presidente estadunidense.<br>Fue un buen encuentro, el presidente Biden es una gente amable, estuvo todo el tiempo contento, platicamos sobre temas que vamos a tratar en la reuni\u00f3n de hoy, el tema migratorio, los temas relacionados con la integraci\u00f3n econ\u00f3mica de Am\u00e9rica del Norte y sobretodo pasar en la integraci\u00f3n econ\u00f3mica con respeto, independencias, soberan\u00edas de todos los pa\u00edses de nuestro continente\u201d, enfatiz\u00f3.<\/p>\n\n\n\n<p class=\"wp-block-paragraph\">L\u00f3pez Obrador dio a conocer que Joe Biden est\u00e1 muy contento de visitar M\u00e9xico y fue muy agradable todo el recorrido en la bestia, incluso detall\u00f3 que el mandatario estadunidense le mostr\u00f3 caracter\u00edsticas muy especiales de ese veh\u00edculo.<\/p>\n\n\n\n<p class=\"wp-block-paragraph\">Adem\u00e1s el presidente adelant\u00f3 que en su encuentro programado para el d\u00eda de hoy se plantear\u00e1 que desde hace m\u00e1s de 50 a\u00f1os no hay un plan para el desarrollo y bienestar de los pueblos de Am\u00e9rica Latina y El Caribe.<\/p>\n\n\n\n<p class=\"wp-block-paragraph\">Por \u00faltimo el presidente de M\u00e9xico asegur\u00f3 que su hom\u00f3logo qued\u00f3 bastante sorprendido por la infraestructura del Aeropuerto Internacional Felipe \u00c1ngeles (AIFA), el cual calific\u00f3 de muy bonito y de vanguardia.<\/p>\n","protected":false},"excerpt":{"rendered":"<p>on\u00f3mica fueron los temas que abordaron los mandatarios durante el trayecto que realizaron ambos del Aeropuerto Internacional Felipe \u00c1ngeles (AIFA) al hotel donde se hospeda el presidente estadunidense.Fue un buen encuentro, el presidente Biden es una gente amable, estuvo todo el tiempo contento, platicamos sobre temas que vamos a tratar en la reuni\u00f3n de hoy, [&hellip;]<\/p>\n","protected":false},"author":4,"featured_media":19281,"comment_status":"open","ping_status":"open","sticky":false,"template":"","format":"standard","meta":{"om_disable_all_campaigns":false,"_monsterinsights_skip_tracking":false,"footnotes":""},"categories":[176],"tags":[],"class_list":["post-19280","post","type-post","status-publish","format-standard","has-post-thumbnail","hentry","category-nacional"],"amp_enabled":true,"_links":{"self":[{"href":"https:\/\/lahora.mx\/index.php\/wp-json\/wp\/v2\/posts\/19280","targetHints":{"allow":["GET"]}}],"collection":[{"href":"https:\/\/lahora.mx\/index.php\/wp-json\/wp\/v2\/posts"}],"about":[{"href":"https:\/\/lahora.mx\/index.php\/wp-json\/wp\/v2\/types\/post"}],"author":[{"embeddable":true,"href":"https:\/\/lahora.mx\/index.php\/wp-json\/wp\/v2\/users\/4"}],"replies":[{"embeddable":true,"href":"https:\/\/lahora.mx\/index.php\/wp-json\/wp\/v2\/comments?post=19280"}],"version-history":[{"count":1,"href":"https:\/\/lahora.mx\/index.php\/wp-json\/wp\/v2\/posts\/19280\/revisions"}],"predecessor-version":[{"id":19282,"href":"https:\/\/lahora.mx\/index.php\/wp-json\/wp\/v2\/posts\/19280\/revisions\/19282"}],"wp:featuredmedia":[{"embeddable":true,"href":"https:\/\/lahora.mx\/index.php\/wp-json\/wp\/v2\/media\/19281"}],"wp:attachment":[{"href":"https:\/\/lahora.mx\/index.php\/wp-json\/wp\/v2\/media?parent=19280"}],"wp:term":[{"taxonomy":"category","embeddable":true,"href":"https:\/\/lahora.mx\/index.php\/wp-json\/wp\/v2\/categories?post=19280"},{"taxonomy":"post_tag","embeddable":true,"href":"https:\/\/lahora.mx\/index.php\/wp-json\/wp\/v2\/tags?post=19280"}],"curies":[{"name":"wp","href":"https:\/\/api.w.org\/{rel}","templated":true}]}}