{"id":19277,"date":"2023-01-09T16:39:47","date_gmt":"2023-01-09T16:39:47","guid":{"rendered":"http:\/\/lahora.mx\/?p=19277"},"modified":"2023-01-09T16:39:48","modified_gmt":"2023-01-09T16:39:48","slug":"amparos-contra-pase-turistico-son-mediaticos-gobernador-cespedes","status":"publish","type":"post","link":"https:\/\/lahora.mx\/index.php\/2023\/01\/09\/amparos-contra-pase-turistico-son-mediaticos-gobernador-cespedes\/","title":{"rendered":"Amparos contra Pase Tur\u00edstico son medi\u00e1ticos: gobernador C\u00e9spedes"},"content":{"rendered":"\n<p>Detr\u00e1s de los posibles amparos contra el Pase Tur\u00edstico que permite a autos for\u00e1neos circular en Puebla sin restricciones, se esconde un personaje con intereses propios, as\u00ed lo asegur\u00f3 el gobernador del estado, Sergio Salom\u00f3n C\u00e9spedes Peregrina, aunque evit\u00f3 mencionar nombres.<\/p>\n\n\n\n<p>Fue durante la conferencia de hoy 9 de enero que el gobernador C\u00e9spedes reiter\u00f3 que el programa de Pase Tur\u00edstico en Puebla est\u00e1 apegado a derecho y al igual que la verificaci\u00f3n vehicular y el Hoy No Circula, buscan la mejora del medio ambiente en la entidad.<br>\u201cCreemos que pueda ser un tema muy medi\u00e1tico con alguien con un tipo de inter\u00e9s ajeno al tema del gobierno, pero nosotros estamos ciertos que lo que estamos haciendo, lo estamos haciendo apegados a derecho con un fin y un tema espec\u00edfico que es el cuidado del medio ambiente\u201d.<\/p>\n\n\n\n<p>De igual forma C\u00e9spedes Peregrina se\u00f1al\u00f3 que su administraci\u00f3n est\u00e1 preparada para defender la medida ante las instancias correspondientes si fuera necesario.<\/p>\n\n\n\n<p>\u00bfQu\u00e9 es el Pase Tur\u00edstico?<br>Instaurado recientemente el Pase Tur\u00edstico es un documento que permite circular libremente por Puebla a los autos for\u00e1neos y cuyas placas de circulaci\u00f3n no pertenecen a los estados integrantes de la Comisi\u00f3n Ambiental de la Megal\u00f3polis (CAMe), ello como parte de las nuevas disposiciones que incluye la verificaci\u00f3n vehicular obligatoria y el Hoy No circula, este \u00faltimo \u00fanicamente aplicable en contingencia ambiental.<\/p>\n\n\n\n<p>El Pase Tur\u00edstico es un tr\u00e1mite gratuito para veh\u00edculos de no m\u00e1s de quince a\u00f1os de antig\u00fcedad y con el que se autoriza el ingreso a la entidad, aqu\u00ed te decimos c\u00f3mo tramitarlo.<\/p>\n","protected":false},"excerpt":{"rendered":"<p>Detr\u00e1s de los posibles amparos contra el Pase Tur\u00edstico que permite a autos for\u00e1neos circular en Puebla sin restricciones, se esconde un personaje con intereses propios, as\u00ed lo asegur\u00f3 el gobernador del estado, Sergio Salom\u00f3n C\u00e9spedes Peregrina, aunque evit\u00f3 mencionar nombres. Fue durante la conferencia de hoy 9 de enero que el gobernador C\u00e9spedes reiter\u00f3 [&hellip;]<\/p>\n","protected":false},"author":4,"featured_media":19278,"comment_status":"open","ping_status":"open","sticky":false,"template":"","format":"standard","meta":{"om_disable_all_campaigns":false,"_monsterinsights_skip_tracking":false,"_monsterinsights_sitenote_active":false,"_monsterinsights_sitenote_note":"","_monsterinsights_sitenote_category":0,"footnotes":""},"categories":[175],"tags":[195,223],"class_list":["post-19277","post","type-post","status-publish","format-standard","has-post-thumbnail","hentry","category-local","tag-principal","tag-puebla"],"amp_enabled":true,"_links":{"self":[{"href":"https:\/\/lahora.mx\/index.php\/wp-json\/wp\/v2\/posts\/19277","targetHints":{"allow":["GET"]}}],"collection":[{"href":"https:\/\/lahora.mx\/index.php\/wp-json\/wp\/v2\/posts"}],"about":[{"href":"https:\/\/lahora.mx\/index.php\/wp-json\/wp\/v2\/types\/post"}],"author":[{"embeddable":true,"href":"https:\/\/lahora.mx\/index.php\/wp-json\/wp\/v2\/users\/4"}],"replies":[{"embeddable":true,"href":"https:\/\/lahora.mx\/index.php\/wp-json\/wp\/v2\/comments?post=19277"}],"version-history":[{"count":1,"href":"https:\/\/lahora.mx\/index.php\/wp-json\/wp\/v2\/posts\/19277\/revisions"}],"predecessor-version":[{"id":19279,"href":"https:\/\/lahora.mx\/index.php\/wp-json\/wp\/v2\/posts\/19277\/revisions\/19279"}],"wp:featuredmedia":[{"embeddable":true,"href":"https:\/\/lahora.mx\/index.php\/wp-json\/wp\/v2\/media\/19278"}],"wp:attachment":[{"href":"https:\/\/lahora.mx\/index.php\/wp-json\/wp\/v2\/media?parent=19277"}],"wp:term":[{"taxonomy":"category","embeddable":true,"href":"https:\/\/lahora.mx\/index.php\/wp-json\/wp\/v2\/categories?post=19277"},{"taxonomy":"post_tag","embeddable":true,"href":"https:\/\/lahora.mx\/index.php\/wp-json\/wp\/v2\/tags?post=19277"}],"curies":[{"name":"wp","href":"https:\/\/api.w.org\/{rel}","templated":true}]}}