{"id":19271,"date":"2023-01-09T16:20:30","date_gmt":"2023-01-09T16:20:30","guid":{"rendered":"http:\/\/lahora.mx\/?p=19271"},"modified":"2023-01-09T16:20:30","modified_gmt":"2023-01-09T16:20:30","slug":"el-gobernador-cespedes-confirma-visita-de-titular-segob-adan-augusto-lopez","status":"publish","type":"post","link":"https:\/\/lahora.mx\/index.php\/2023\/01\/09\/el-gobernador-cespedes-confirma-visita-de-titular-segob-adan-augusto-lopez\/","title":{"rendered":"El gobernador C\u00e9spedes confirma visita de titular SEGOB Ad\u00e1n Augusto L\u00f3pez"},"content":{"rendered":"\n<p>El gobernador del estado, Sergio Salom\u00f3n C\u00e9spedes Peregrina, anunci\u00f3 la visita del secretario de Gobernaci\u00f3n federal, Ad\u00e1n Augusto L\u00f3pez Hern\u00e1ndez, el pr\u00f3ximo 13 de enero.<\/p>\n\n\n\n<p>En conferencia de prensa, el mandatario asegur\u00f3 que, Ad\u00e1n Augusto en Puebla tendr\u00e1 una agenda interinstitucional en la cual participar\u00e1 en la medida de lo posible.<br>\u00abTendremos una agenda a desarrollar de forma institucional y para m\u00ed es muy importante la presencia del se\u00f1or secretario ya que nos permite seguir generando las condiciones de vinculaci\u00f3n con el estado\u00bb.<\/p>\n\n\n\n<p>Y es que afirm\u00f3 que la presencia de Ad\u00e1n Augusto en Puebla favorecer\u00e1 a generar las condiciones de trabajo conjunto entre el gobierno del estado con la federaci\u00f3n.<br>Gobernador C\u00e9spedes: en Puebla el que la hace la paga<br>As\u00ed mismo, C\u00e9spedes Peregrina se\u00f1al\u00f3 que la presencia del secretario de Gobernaci\u00f3n siempre ser\u00e1 bien recibida por los poblanos, por lo que lo invit\u00f3 a venir a Puebla m\u00e1s seguido.<\/p>\n\n\n\n<p>Esta ser\u00e1 la segunda ocasi\u00f3n en la que el titular del ejecutivo estatal se re\u00fana con el funcionario federal desde que tom\u00f3 posesi\u00f3n como gobernador el 15 de diciembre.<\/p>\n\n\n\n<p>La primera reuni\u00f3n entre el gobernador C\u00e9spedes y Ad\u00e1n Augusto ocurri\u00f3 once d\u00edas despu\u00e9s de su designaci\u00f3n, el 26 de diciembre cuando fue recibido en la Ciudad de M\u00e9xico.<\/p>\n","protected":false},"excerpt":{"rendered":"<p>El gobernador del estado, Sergio Salom\u00f3n C\u00e9spedes Peregrina, anunci\u00f3 la visita del secretario de Gobernaci\u00f3n federal, Ad\u00e1n Augusto L\u00f3pez Hern\u00e1ndez, el pr\u00f3ximo 13 de enero. En conferencia de prensa, el mandatario asegur\u00f3 que, Ad\u00e1n Augusto en Puebla tendr\u00e1 una agenda interinstitucional en la cual participar\u00e1 en la medida de lo posible.\u00abTendremos una agenda a desarrollar [&hellip;]<\/p>\n","protected":false},"author":4,"featured_media":19272,"comment_status":"open","ping_status":"open","sticky":false,"template":"","format":"standard","meta":{"om_disable_all_campaigns":false,"_monsterinsights_skip_tracking":false,"_monsterinsights_sitenote_active":false,"_monsterinsights_sitenote_note":"","_monsterinsights_sitenote_category":0,"footnotes":""},"categories":[175],"tags":[223],"class_list":["post-19271","post","type-post","status-publish","format-standard","has-post-thumbnail","hentry","category-local","tag-puebla"],"amp_enabled":true,"_links":{"self":[{"href":"https:\/\/lahora.mx\/index.php\/wp-json\/wp\/v2\/posts\/19271","targetHints":{"allow":["GET"]}}],"collection":[{"href":"https:\/\/lahora.mx\/index.php\/wp-json\/wp\/v2\/posts"}],"about":[{"href":"https:\/\/lahora.mx\/index.php\/wp-json\/wp\/v2\/types\/post"}],"author":[{"embeddable":true,"href":"https:\/\/lahora.mx\/index.php\/wp-json\/wp\/v2\/users\/4"}],"replies":[{"embeddable":true,"href":"https:\/\/lahora.mx\/index.php\/wp-json\/wp\/v2\/comments?post=19271"}],"version-history":[{"count":1,"href":"https:\/\/lahora.mx\/index.php\/wp-json\/wp\/v2\/posts\/19271\/revisions"}],"predecessor-version":[{"id":19273,"href":"https:\/\/lahora.mx\/index.php\/wp-json\/wp\/v2\/posts\/19271\/revisions\/19273"}],"wp:featuredmedia":[{"embeddable":true,"href":"https:\/\/lahora.mx\/index.php\/wp-json\/wp\/v2\/media\/19272"}],"wp:attachment":[{"href":"https:\/\/lahora.mx\/index.php\/wp-json\/wp\/v2\/media?parent=19271"}],"wp:term":[{"taxonomy":"category","embeddable":true,"href":"https:\/\/lahora.mx\/index.php\/wp-json\/wp\/v2\/categories?post=19271"},{"taxonomy":"post_tag","embeddable":true,"href":"https:\/\/lahora.mx\/index.php\/wp-json\/wp\/v2\/tags?post=19271"}],"curies":[{"name":"wp","href":"https:\/\/api.w.org\/{rel}","templated":true}]}}