{"id":19262,"date":"2023-01-09T15:23:33","date_gmt":"2023-01-09T15:23:33","guid":{"rendered":"http:\/\/lahora.mx\/?p=19262"},"modified":"2023-01-09T15:23:33","modified_gmt":"2023-01-09T15:23:33","slug":"este-lunes-en-los-parquimetros-de-puebla-comienzan-a-operar-las-aranas-inmovilizadoras-ademas-de-que-la-quinta-hora-sera-gratis","status":"publish","type":"post","link":"https:\/\/lahora.mx\/index.php\/2023\/01\/09\/este-lunes-en-los-parquimetros-de-puebla-comienzan-a-operar-las-aranas-inmovilizadoras-ademas-de-que-la-quinta-hora-sera-gratis\/","title":{"rendered":"Este lunes en los parqu\u00edmetros de Puebla, comienzan a operar las ara\u00f1as inmovilizadoras adem\u00e1s de que la quinta hora ser\u00e1 gratis"},"content":{"rendered":"\n<p>Este lunes los parqu\u00edmetros del Ayuntamiento de Puebla comenzar\u00e1n a funcionar de lunes a domingo, con una tarifa de 20 pesos por cinco horas de estacionamiento, ofreciendo una hora gratis que ser\u00e1 la \u00faltima.<\/p>\n\n\n\n<p>Fue el pasado 4 de enero cuando la subsecretaria de Movilidad, Rub\u00ed V\u00e1zquez Cruz anunci\u00f3 los cambios del sistema de parqu\u00edmetros del Centro Hist\u00f3rico, entre los cuales destaca el cambio de la primera hora gratis a la \u00faltima y la operatividad de este sistema durante todos los d\u00edas.<\/p>\n\n\n\n<p>Asimismo, se dieron a conocer dos nuevas sanciones: una consiste en infraccionar a los veh\u00edculos que utilicen los parqu\u00edmetros sin una placa a los cuales se les castigar\u00e1 con un inmovilizador o ara\u00f1a, y la segunda ser\u00e1 multar a los comerciantes que utilicen los cajones de estacionamiento para ofrecer mercanc\u00eda.<\/p>\n\n\n\n<p>Es por ello que a partir de hoy los parqu\u00edmetros funcionar\u00e1n de lunes a viernes de las 8:00 a las 22:00 horas, mientras que los s\u00e1bados y domingos los parqu\u00edmetros funcionar\u00e1n de las 11:00 a las 19:00 horas, debido a que este horario es el que m\u00e1s utilizan los poblanos en fin de semana.<\/p>\n\n\n\n<p>El costo por las cinco horas de estacionamiento ser\u00e1 de 20 pesos, de la primera a la cuarta costar\u00e1 cinco pesos cada una y la quinta ser\u00e1 la \u00faltima, esto cuando antes la primera hora no se pagaba.<br>Rub\u00ed V\u00e1zquez coment\u00f3 que estos cambios se deben a peticiones de seis c\u00e1maras de comercio de la iniciativa privada, quienes le entregaron oficios al Ayuntamiento pidi\u00e9ndole modificar el programa.<\/p>\n","protected":false},"excerpt":{"rendered":"<p>Este lunes los parqu\u00edmetros del Ayuntamiento de Puebla comenzar\u00e1n a funcionar de lunes a domingo, con una tarifa de 20 pesos por cinco horas de estacionamiento, ofreciendo una hora gratis que ser\u00e1 la \u00faltima. Fue el pasado 4 de enero cuando la subsecretaria de Movilidad, Rub\u00ed V\u00e1zquez Cruz anunci\u00f3 los cambios del sistema de parqu\u00edmetros [&hellip;]<\/p>\n","protected":false},"author":4,"featured_media":19263,"comment_status":"open","ping_status":"open","sticky":false,"template":"","format":"standard","meta":{"om_disable_all_campaigns":false,"_monsterinsights_skip_tracking":false,"_monsterinsights_sitenote_active":false,"_monsterinsights_sitenote_note":"","_monsterinsights_sitenote_category":0,"footnotes":""},"categories":[175],"tags":[195,223],"class_list":["post-19262","post","type-post","status-publish","format-standard","has-post-thumbnail","hentry","category-local","tag-principal","tag-puebla"],"amp_enabled":true,"_links":{"self":[{"href":"https:\/\/lahora.mx\/index.php\/wp-json\/wp\/v2\/posts\/19262","targetHints":{"allow":["GET"]}}],"collection":[{"href":"https:\/\/lahora.mx\/index.php\/wp-json\/wp\/v2\/posts"}],"about":[{"href":"https:\/\/lahora.mx\/index.php\/wp-json\/wp\/v2\/types\/post"}],"author":[{"embeddable":true,"href":"https:\/\/lahora.mx\/index.php\/wp-json\/wp\/v2\/users\/4"}],"replies":[{"embeddable":true,"href":"https:\/\/lahora.mx\/index.php\/wp-json\/wp\/v2\/comments?post=19262"}],"version-history":[{"count":1,"href":"https:\/\/lahora.mx\/index.php\/wp-json\/wp\/v2\/posts\/19262\/revisions"}],"predecessor-version":[{"id":19264,"href":"https:\/\/lahora.mx\/index.php\/wp-json\/wp\/v2\/posts\/19262\/revisions\/19264"}],"wp:featuredmedia":[{"embeddable":true,"href":"https:\/\/lahora.mx\/index.php\/wp-json\/wp\/v2\/media\/19263"}],"wp:attachment":[{"href":"https:\/\/lahora.mx\/index.php\/wp-json\/wp\/v2\/media?parent=19262"}],"wp:term":[{"taxonomy":"category","embeddable":true,"href":"https:\/\/lahora.mx\/index.php\/wp-json\/wp\/v2\/categories?post=19262"},{"taxonomy":"post_tag","embeddable":true,"href":"https:\/\/lahora.mx\/index.php\/wp-json\/wp\/v2\/tags?post=19262"}],"curies":[{"name":"wp","href":"https:\/\/api.w.org\/{rel}","templated":true}]}}