{"id":19244,"date":"2023-01-09T03:40:30","date_gmt":"2023-01-09T03:40:30","guid":{"rendered":"http:\/\/lahora.mx\/?p=19244"},"modified":"2023-01-09T03:40:30","modified_gmt":"2023-01-09T03:40:30","slug":"biden-es-recibido-por-el-presidente-lopez-obrador-en-el-aifa","status":"publish","type":"post","link":"https:\/\/lahora.mx\/index.php\/2023\/01\/09\/biden-es-recibido-por-el-presidente-lopez-obrador-en-el-aifa\/","title":{"rendered":"Biden es recibido por el presidente L\u00f3pez Obrador en el AIFA"},"content":{"rendered":"\n<p class=\"wp-block-paragraph\">Este domingo, alrededor de las 19:20 horas arrib\u00f3 a nuestro pa\u00eds el presidente de los Estados Unidos de Am\u00e9rica, Joe Biden, para iniciar su primera visita oficial a M\u00e9xico en el marco de la X Cumbre de L\u00edderes de Am\u00e9rica del Norte.<\/p>\n\n\n\n<p class=\"wp-block-paragraph\">El mandatario estadounidense es recibido por el presidente de M\u00e9xico, Andr\u00e9s Manuel L\u00f3pez Obrador, en el Aeropuerto Internacional Felipe \u00c1ngeles, localizado en el Estado de M\u00e9xico.<\/p>\n\n\n\n<p class=\"wp-block-paragraph\">De acuerdo con el programa dado a conocer el viernes pasado por el secretario de relaciones exteriores, Marcelo Ebrard Casaub\u00f3n y por el propio L\u00f3pez Obrador, al pisar suelo mexicano y presenciar la bienvenida oficial, ambos mandatarios viajar\u00e1n juntos por v\u00eda terrestre alrededor de 40 minutos.<\/p>\n\n\n\n<p class=\"wp-block-paragraph\">Posterior al di\u00e1logo privado, los presidentes se dirigir\u00e1n cada uno por separado al lugar donde pernoctar\u00e1n.<\/p>\n\n\n\n<p class=\"wp-block-paragraph\">Biden y L\u00f3pez Obrador se reencontrar\u00e1n este lunes en Palacio Nacional a las 16:15 horas, se tomar\u00e1n la foto oficial y quince minutos m\u00e1s tarde, las esposas de ambos presidentes se unir\u00e1n a la reuni\u00f3n.<\/p>\n\n\n\n<p class=\"wp-block-paragraph\">Posteriormente, a las 16:45 horas se llevar\u00e1 a cabo habr\u00e1 una conversaci\u00f3n entre el presidente L\u00f3pez Obrador y el presidente Biden para finalmente a las cinco de la tarde sostener una reuni\u00f3n bilateral M\u00e9xico-Estados Unidos.<\/p>\n\n\n\n<p class=\"wp-block-paragraph\">Se prev\u00e9 que a las 18:30 horas de este lunes concluya la reuni\u00f3n bilateral entre Biden y L\u00f3pez Obrador.<\/p>\n\n\n\n<p class=\"wp-block-paragraph\">Al t\u00e9rmino de \u00e9sta reuni\u00f3n, se incorporar\u00e1 el primer ministro de Canad\u00e1, Justin Trudeau y su esposa, quienes llegar\u00e1n a nuestro pa\u00eds este mismo lunes despu\u00e9s de las 14 horas al Aeropuerto Internacional Felipe \u00c1ngeles.<\/p>\n\n\n\n<p class=\"wp-block-paragraph\">Trudeau y su esposa saludar\u00e1n a sus hom\u00f3logos de M\u00e9xico y Estados Unidos.<\/p>\n\n\n\n<p class=\"wp-block-paragraph\">Luego de ello se ofrecer\u00e1 una cena en honor de Biden y de Trudeau en Palacio Nacional, la cual se contempla finalice a las 20:30 horas.<\/p>\n\n\n\n<p class=\"wp-block-paragraph\">Para el martes 10 de enero se desarrollar\u00e1 la X Cumbre de L\u00edderes de Am\u00e9rica del Norte entre los tres presidentes cerca del mediod\u00eda y en la que los temas centrales a tratar ser\u00e1n seguridad, migraci\u00f3n, cooperaci\u00f3n para el desarrollo y combate al tr\u00e1fico de drogas, especialmente el fentanilo.<\/p>\n\n\n\n<p class=\"wp-block-paragraph\">Biden y Trudeau llegar\u00e1n despu\u00e9s de las 11 de la ma\u00f1ana a Palacio Nacional.<\/p>\n\n\n\n<p class=\"wp-block-paragraph\">M\u00e1s temprano, el presidente Andr\u00e9s Manuel L\u00f3pez Obrador ofrecer\u00e1 su acostumbrada conferencia de prensa.<\/p>\n","protected":false},"excerpt":{"rendered":"<p>Este domingo, alrededor de las 19:20 horas arrib\u00f3 a nuestro pa\u00eds el presidente de los Estados Unidos de Am\u00e9rica, Joe Biden, para iniciar su primera visita oficial a M\u00e9xico en el marco de la X Cumbre de L\u00edderes de Am\u00e9rica del Norte. El mandatario estadounidense es recibido por el presidente de M\u00e9xico, Andr\u00e9s Manuel L\u00f3pez [&hellip;]<\/p>\n","protected":false},"author":4,"featured_media":19245,"comment_status":"open","ping_status":"open","sticky":false,"template":"","format":"standard","meta":{"om_disable_all_campaigns":false,"_monsterinsights_skip_tracking":false,"footnotes":""},"categories":[176],"tags":[195],"class_list":["post-19244","post","type-post","status-publish","format-standard","has-post-thumbnail","hentry","category-nacional","tag-principal"],"amp_enabled":true,"_links":{"self":[{"href":"https:\/\/lahora.mx\/index.php\/wp-json\/wp\/v2\/posts\/19244","targetHints":{"allow":["GET"]}}],"collection":[{"href":"https:\/\/lahora.mx\/index.php\/wp-json\/wp\/v2\/posts"}],"about":[{"href":"https:\/\/lahora.mx\/index.php\/wp-json\/wp\/v2\/types\/post"}],"author":[{"embeddable":true,"href":"https:\/\/lahora.mx\/index.php\/wp-json\/wp\/v2\/users\/4"}],"replies":[{"embeddable":true,"href":"https:\/\/lahora.mx\/index.php\/wp-json\/wp\/v2\/comments?post=19244"}],"version-history":[{"count":1,"href":"https:\/\/lahora.mx\/index.php\/wp-json\/wp\/v2\/posts\/19244\/revisions"}],"predecessor-version":[{"id":19246,"href":"https:\/\/lahora.mx\/index.php\/wp-json\/wp\/v2\/posts\/19244\/revisions\/19246"}],"wp:featuredmedia":[{"embeddable":true,"href":"https:\/\/lahora.mx\/index.php\/wp-json\/wp\/v2\/media\/19245"}],"wp:attachment":[{"href":"https:\/\/lahora.mx\/index.php\/wp-json\/wp\/v2\/media?parent=19244"}],"wp:term":[{"taxonomy":"category","embeddable":true,"href":"https:\/\/lahora.mx\/index.php\/wp-json\/wp\/v2\/categories?post=19244"},{"taxonomy":"post_tag","embeddable":true,"href":"https:\/\/lahora.mx\/index.php\/wp-json\/wp\/v2\/tags?post=19244"}],"curies":[{"name":"wp","href":"https:\/\/api.w.org\/{rel}","templated":true}]}}