{"id":19239,"date":"2023-01-09T03:29:26","date_gmt":"2023-01-09T03:29:26","guid":{"rendered":"http:\/\/lahora.mx\/?p=19239"},"modified":"2023-01-09T03:29:27","modified_gmt":"2023-01-09T03:29:27","slug":"mas-de-7-mil-menores-festejan-el-dia-de-reyes-de-huamantla","status":"publish","type":"post","link":"https:\/\/lahora.mx\/index.php\/2023\/01\/09\/mas-de-7-mil-menores-festejan-el-dia-de-reyes-de-huamantla\/","title":{"rendered":"M\u00e1s de 7 mil menores festejan el d\u00eda de reyes de Huamantla"},"content":{"rendered":"\n<p>Todos los menores recibieron de manos del presidente municipal, Salvador Santos Cedillo, un juguete.<\/p>\n\n\n\n<p>Los mism\u00edsimos Reyes Magos enviaron un mensaje a las ni\u00f1as y ni\u00f1os de Huamantla.<\/p>\n\n\n\n<p>Las personas con alguna discapacidad y adultos mayores disfrutaron del espect\u00e1culo en una zona especial.<\/p>\n\n\n\n<p>Alegr\u00eda y diversi\u00f3n disfrutaron m\u00e1s de 7 mil ni\u00f1as y ni\u00f1os de Huamantla, en el festejo del \u201cD\u00eda de Reyes\u201d que organiz\u00f3 el gobierno municipal, que preside Salvador Santos Cedillo, este 7 de enero.<\/p>\n\n\n\n<p>En la Plaza de Toros \u201cLa Taurina\u201d, familias enteras se dieron cita desde las 11 horas para tener los mejores lugares; las personas con alguna discapacidad disfrutaron del espect\u00e1culo en un lugar especial, que fue frente al escenario en el ruedo, lo mismo que adultos mayores.<\/p>\n\n\n\n<p>En su mensaje, el edil de Huamantla, Salvador Santos, mencion\u00f3 que hicieron un gran esfuerzos para ponerse en contacto con los Reyes Magos, y que pudieran enviar un mensaje a la ni\u00f1ez del municipio.<\/p>\n\n\n\n<p>Fue a trav\u00e9s de un video que Melchor, Gaspar y Baltasar, saludaron a los peque\u00f1os ah\u00ed presentes, les dijeron que se siguieran portando bien; adem\u00e1s de que saliendo del evento el alcalde les tenia una gran sorpresa.<\/p>\n\n\n\n<figure class=\"wp-block-image size-full\"><img fetchpriority=\"high\" decoding=\"async\" width=\"669\" height=\"444\" src=\"https:\/\/lahora.mx\/wp-content\/uploads\/2023\/01\/Captura-de-pantalla-2023-01-08-a-las-21.31.02.png\" alt=\"\" class=\"wp-image-19240\" srcset=\"https:\/\/lahora.mx\/wp-content\/uploads\/2023\/01\/Captura-de-pantalla-2023-01-08-a-las-21.31.02.png 669w, https:\/\/lahora.mx\/wp-content\/uploads\/2023\/01\/Captura-de-pantalla-2023-01-08-a-las-21.31.02-300x199.png 300w\" sizes=\"(max-width: 669px) 100vw, 669px\" \/><\/figure>\n\n\n\n<p>\u201cSeguiremos en contacto con nuestros amigo Chava Santos, \u00e9l nos dir\u00e1 si se han portado bien y si es as\u00ed el pr\u00f3ximo a\u00f1o tambi\u00e9n estaremos con ustedes\u201d, mencionaron.<\/p>\n\n\n\n<p>Luego del video, dio inicio el concierto de los Crazysaurios, quienes pusieron a bailar a todas las familias, al tiempo que personal de Sistema Municipal para el Desarrollo Integral de la Familia (DIF) Huamantla, regalaba pelotas a los m\u00e1s animados.<\/p>\n\n\n\n<p>Tras ganarse los corazones de los asistentes, los Crazysaurios se despidieron y dieron paso a la presentaci\u00f3n especial de Lapiz\u00edn, Lapizito y Gomita, quienes con sus ocurrencias y din\u00e1micas divirtieron e hicieron pasar un momento inolvidable a los reyes del hogar.<\/p>\n\n\n\n<p>\u201c\u00a1Son todos ustedes un p\u00fablico incre\u00edble! Gracias a las autoridades locales por invitarnos a disfrutar este d\u00eda con ustedes, esperamos volver muy pronto\u201d, dijeron.<\/p>\n\n\n\n<p>Al finalizar el evento, el presidente municipal Salvador Santos Cedillo, acompa\u00f1ado de autoridades del Ayuntamiento entregaron juguetes a todos los ni\u00f1os asistentes, quienes agradec\u00edan con una sonrisa.<\/p>\n\n\n\n<p>En esta celebraci\u00f3n se mantuvo la presencia permanente de polic\u00edas municipales, elementos de la Coordinaci\u00f3n de Protecci\u00f3n Civil de Huamantla, as\u00ed como los binomios caninos de la Unidad K9; tambi\u00e9n se cont\u00f3 con una ambulancia y el apoyo de elementos Tr\u00e1nsito para garantizar la seguridad de los asistentes al salir de la Plaza de Toros.<\/p>\n","protected":false},"excerpt":{"rendered":"<p>Todos los menores recibieron de manos del presidente municipal, Salvador Santos Cedillo, un juguete. Los mism\u00edsimos Reyes Magos enviaron un mensaje a las ni\u00f1as y ni\u00f1os de Huamantla. Las personas con alguna discapacidad y adultos mayores disfrutaron del espect\u00e1culo en una zona especial. Alegr\u00eda y diversi\u00f3n disfrutaron m\u00e1s de 7 mil ni\u00f1as y ni\u00f1os de [&hellip;]<\/p>\n","protected":false},"author":4,"featured_media":19241,"comment_status":"open","ping_status":"open","sticky":false,"template":"","format":"standard","meta":{"om_disable_all_campaigns":false,"_monsterinsights_skip_tracking":false,"_monsterinsights_sitenote_active":false,"_monsterinsights_sitenote_note":"","_monsterinsights_sitenote_category":0,"footnotes":""},"categories":[175],"tags":[223,210],"class_list":["post-19239","post","type-post","status-publish","format-standard","has-post-thumbnail","hentry","category-local","tag-puebla","tag-tlaxcala"],"amp_enabled":true,"_links":{"self":[{"href":"https:\/\/lahora.mx\/index.php\/wp-json\/wp\/v2\/posts\/19239","targetHints":{"allow":["GET"]}}],"collection":[{"href":"https:\/\/lahora.mx\/index.php\/wp-json\/wp\/v2\/posts"}],"about":[{"href":"https:\/\/lahora.mx\/index.php\/wp-json\/wp\/v2\/types\/post"}],"author":[{"embeddable":true,"href":"https:\/\/lahora.mx\/index.php\/wp-json\/wp\/v2\/users\/4"}],"replies":[{"embeddable":true,"href":"https:\/\/lahora.mx\/index.php\/wp-json\/wp\/v2\/comments?post=19239"}],"version-history":[{"count":1,"href":"https:\/\/lahora.mx\/index.php\/wp-json\/wp\/v2\/posts\/19239\/revisions"}],"predecessor-version":[{"id":19242,"href":"https:\/\/lahora.mx\/index.php\/wp-json\/wp\/v2\/posts\/19239\/revisions\/19242"}],"wp:featuredmedia":[{"embeddable":true,"href":"https:\/\/lahora.mx\/index.php\/wp-json\/wp\/v2\/media\/19241"}],"wp:attachment":[{"href":"https:\/\/lahora.mx\/index.php\/wp-json\/wp\/v2\/media?parent=19239"}],"wp:term":[{"taxonomy":"category","embeddable":true,"href":"https:\/\/lahora.mx\/index.php\/wp-json\/wp\/v2\/categories?post=19239"},{"taxonomy":"post_tag","embeddable":true,"href":"https:\/\/lahora.mx\/index.php\/wp-json\/wp\/v2\/tags?post=19239"}],"curies":[{"name":"wp","href":"https:\/\/api.w.org\/{rel}","templated":true}]}}