{"id":19233,"date":"2023-01-09T00:41:43","date_gmt":"2023-01-09T00:41:43","guid":{"rendered":"http:\/\/lahora.mx\/?p=19233"},"modified":"2023-01-09T00:41:44","modified_gmt":"2023-01-09T00:41:44","slug":"cadaver-calcinado-es-hallado-por-vecinos-en-san-aparicio","status":"publish","type":"post","link":"https:\/\/lahora.mx\/index.php\/2023\/01\/09\/cadaver-calcinado-es-hallado-por-vecinos-en-san-aparicio\/","title":{"rendered":"Cad\u00e1ver calcinado es hallado por vecinos en San Aparicio"},"content":{"rendered":"\n<p>Un hombre fue calcinado y hallado en un predio de la colonia Santa Rosa, perteneciente a San Aparicio, junta auxiliar del municipio de Puebla.<\/p>\n\n\n\n<p>El macabro hallazgo se llev\u00f3 a cabo este domingo por parte de vecinos en un predio bald\u00edo que se ubica sobre de la calle Santa Carolina, a unos metros de la calzada Alfredo Toxqui.<\/p>\n\n\n\n<p>Inmediatamente, el hecho lo reportaron al n\u00famero de emergencias 911 y mencionaron que hab\u00edan visto un cuerpo sobre un \u00e1rea quemada, por lo que requer\u00edan el apoyo de las corporaciones de seguridad.<\/p>\n\n\n\n<p>Al sitio llegaron elementos de la Polic\u00eda Municipal, quienes inspeccionaron el lugar y corroboraron que se trataba del cuerpo de un hombre que estaba carbonizado.<\/p>\n\n\n\n<p>Presuntamente, el occiso era joven y presentaba quemaduras en el 80 por ciento de la superficie corporal.<\/p>\n\n\n\n<p>El \u00e1rea qued\u00f3 bajo resguardo de los uniformados y notificaron el hallazgo al personal de la Fiscal\u00eda General del Estado (FGE) de Puebla.<\/p>\n\n\n\n<p>Por las condiciones en que fue hallado el occiso, se presume que durante la madrugada de este domingo fue calcinado en dicho lugar, aunque la mec\u00e1nica a\u00fan se desconoce.<\/p>\n\n\n\n<p>Finalmente, peritos realizaron las diligencias del levantamiento de cad\u00e1ver y lo trasladaron al Servicio M\u00e9dico Forense (Semefo), en calidad de desconocido.<\/p>\n","protected":false},"excerpt":{"rendered":"<p>Un hombre fue calcinado y hallado en un predio de la colonia Santa Rosa, perteneciente a San Aparicio, junta auxiliar del municipio de Puebla. El macabro hallazgo se llev\u00f3 a cabo este domingo por parte de vecinos en un predio bald\u00edo que se ubica sobre de la calle Santa Carolina, a unos metros de la [&hellip;]<\/p>\n","protected":false},"author":4,"featured_media":19234,"comment_status":"open","ping_status":"open","sticky":false,"template":"","format":"standard","meta":{"om_disable_all_campaigns":false,"_monsterinsights_skip_tracking":false,"_monsterinsights_sitenote_active":false,"_monsterinsights_sitenote_note":"","_monsterinsights_sitenote_category":0,"footnotes":""},"categories":[175],"tags":[223],"class_list":["post-19233","post","type-post","status-publish","format-standard","has-post-thumbnail","hentry","category-local","tag-puebla"],"amp_enabled":true,"_links":{"self":[{"href":"https:\/\/lahora.mx\/index.php\/wp-json\/wp\/v2\/posts\/19233","targetHints":{"allow":["GET"]}}],"collection":[{"href":"https:\/\/lahora.mx\/index.php\/wp-json\/wp\/v2\/posts"}],"about":[{"href":"https:\/\/lahora.mx\/index.php\/wp-json\/wp\/v2\/types\/post"}],"author":[{"embeddable":true,"href":"https:\/\/lahora.mx\/index.php\/wp-json\/wp\/v2\/users\/4"}],"replies":[{"embeddable":true,"href":"https:\/\/lahora.mx\/index.php\/wp-json\/wp\/v2\/comments?post=19233"}],"version-history":[{"count":1,"href":"https:\/\/lahora.mx\/index.php\/wp-json\/wp\/v2\/posts\/19233\/revisions"}],"predecessor-version":[{"id":19235,"href":"https:\/\/lahora.mx\/index.php\/wp-json\/wp\/v2\/posts\/19233\/revisions\/19235"}],"wp:featuredmedia":[{"embeddable":true,"href":"https:\/\/lahora.mx\/index.php\/wp-json\/wp\/v2\/media\/19234"}],"wp:attachment":[{"href":"https:\/\/lahora.mx\/index.php\/wp-json\/wp\/v2\/media?parent=19233"}],"wp:term":[{"taxonomy":"category","embeddable":true,"href":"https:\/\/lahora.mx\/index.php\/wp-json\/wp\/v2\/categories?post=19233"},{"taxonomy":"post_tag","embeddable":true,"href":"https:\/\/lahora.mx\/index.php\/wp-json\/wp\/v2\/tags?post=19233"}],"curies":[{"name":"wp","href":"https:\/\/api.w.org\/{rel}","templated":true}]}}