{"id":19227,"date":"2023-01-09T00:37:34","date_gmt":"2023-01-09T00:37:34","guid":{"rendered":"http:\/\/lahora.mx\/?p=19227"},"modified":"2023-01-09T00:38:59","modified_gmt":"2023-01-09T00:38:59","slug":"sergio-salomon-respalda-a-claudia-sheinbaum","status":"publish","type":"post","link":"https:\/\/lahora.mx\/index.php\/2023\/01\/09\/sergio-salomon-respalda-a-claudia-sheinbaum\/","title":{"rendered":"Sergio Salom\u00f3n respalda a Claudia Sheinbaum"},"content":{"rendered":"\n<p>El gobernador de Puebla, Sergio Salom\u00f3n C\u00e9spedes Peregrina, dio su respaldo a la jefa de Gobierno de Ciudad de M\u00e9xico, Claudia Sheinbaum Pardo, despu\u00e9s del accidente en la L\u00ednea 3 del Metro que dej\u00f3 una persona muerta y 57 heridas, la ma\u00f1ana del s\u00e1bado.<\/p>\n\n\n\n<p>En una carta firmada por otros 20 mandatarios del Movimiento Regeneraci\u00f3n Nacional (Morena), adem\u00e1s de Mario Delgado Carrillo, presidente nacional de ese partido, se solidarizaron con los heridos, afectados y la familia de la persona fallecida en estos hechos.<\/p>\n\n\n\n<p>\u201cRespaldamos a la jefa de Gobierno, Claudia Sheinbaum, y a los servidores p\u00fablicos que han priorizado desde el primer momento la atenci\u00f3n a las v\u00edctimas y que trabajan para restablecer el servicio del Metro\u201d, se\u00f1alaron.<\/p>\n\n\n\n<p>Adem\u00e1s, acusaron el \u201cuso pol\u00edtico y faccioso\u201d que la oposici\u00f3n ha hecho del caso. \u201cEs reprobable e inmoral que se busque lucrar con el dolor de las familias para sacar raja pol\u00edtica\u201d, agregaron.<\/p>\n\n\n\n<p>C\u00e9spedes Peregrina y sus hom\u00f3logos de Morena confiaron en que se har\u00e1 justicia para las v\u00edctimas.<\/p>\n\n\n\n<p>Entre los firmantes se encuentran: Salom\u00f3n Jara Cruz, gobernador de Oaxaca; Lorena Cu\u00e9llar Cisneros, de Tlaxcala; Julio Menchaca Salazar, de Hidalgo; Evelyn Salgado Pineda, de Hidalgo; Marina del Pilar \u00c1vila Olmeda, de Baja California Sur, Alfonso Durazo Monta\u00f1o, de Sonora; David Monreal \u00c1vila, de Zacatecas; Ricardo Gallardo Cardona, de San Luis Potos\u00ed; y Rub\u00e9n Rocha Moya, de Sinaloa.<\/p>\n\n\n\n<p>Tambi\u00e9n est\u00e1n: V\u00edctor Manuel Castro Cos\u00edo, de Baja California Sur; Layda Sansores San Rom\u00e1n, de Campeche; Rutilio Cruz Escand\u00f3n Cadenas, de Chiapas; Indira Vizca\u00edno Silva, de Colima; Alfredo Ram\u00edrez Bedolla, de Michoac\u00e1n; Cuauht\u00e9moc Blanco Bravo, de Morelos; Miguel \u00c1ngel Navarro Quintero, de Nayarit; Mar\u00eda Elena Lezama Espinosa, de Quintana Roo; Carlos Merino Campos, de Tabasco; Am\u00e9rico Villarreal Anaya, de Tamaulipas; y Cuitl\u00e1huac Garc\u00eda Jim\u00e9nez, de Veracruz.<\/p>\n","protected":false},"excerpt":{"rendered":"<p>El gobernador de Puebla, Sergio Salom\u00f3n C\u00e9spedes Peregrina, dio su respaldo a la jefa de Gobierno de Ciudad de M\u00e9xico, Claudia Sheinbaum Pardo, despu\u00e9s del accidente en la L\u00ednea 3 del Metro que dej\u00f3 una persona muerta y 57 heridas, la ma\u00f1ana del s\u00e1bado. En una carta firmada por otros 20 mandatarios del Movimiento Regeneraci\u00f3n [&hellip;]<\/p>\n","protected":false},"author":4,"featured_media":19230,"comment_status":"open","ping_status":"open","sticky":false,"template":"","format":"standard","meta":{"om_disable_all_campaigns":false,"_monsterinsights_skip_tracking":false,"_monsterinsights_sitenote_active":false,"_monsterinsights_sitenote_note":"","_monsterinsights_sitenote_category":0,"footnotes":""},"categories":[175,5],"tags":[128,223],"class_list":["post-19227","post","type-post","status-publish","format-standard","has-post-thumbnail","hentry","category-local","category-politica","tag-politics","tag-puebla"],"amp_enabled":true,"_links":{"self":[{"href":"https:\/\/lahora.mx\/index.php\/wp-json\/wp\/v2\/posts\/19227","targetHints":{"allow":["GET"]}}],"collection":[{"href":"https:\/\/lahora.mx\/index.php\/wp-json\/wp\/v2\/posts"}],"about":[{"href":"https:\/\/lahora.mx\/index.php\/wp-json\/wp\/v2\/types\/post"}],"author":[{"embeddable":true,"href":"https:\/\/lahora.mx\/index.php\/wp-json\/wp\/v2\/users\/4"}],"replies":[{"embeddable":true,"href":"https:\/\/lahora.mx\/index.php\/wp-json\/wp\/v2\/comments?post=19227"}],"version-history":[{"count":1,"href":"https:\/\/lahora.mx\/index.php\/wp-json\/wp\/v2\/posts\/19227\/revisions"}],"predecessor-version":[{"id":19229,"href":"https:\/\/lahora.mx\/index.php\/wp-json\/wp\/v2\/posts\/19227\/revisions\/19229"}],"wp:featuredmedia":[{"embeddable":true,"href":"https:\/\/lahora.mx\/index.php\/wp-json\/wp\/v2\/media\/19230"}],"wp:attachment":[{"href":"https:\/\/lahora.mx\/index.php\/wp-json\/wp\/v2\/media?parent=19227"}],"wp:term":[{"taxonomy":"category","embeddable":true,"href":"https:\/\/lahora.mx\/index.php\/wp-json\/wp\/v2\/categories?post=19227"},{"taxonomy":"post_tag","embeddable":true,"href":"https:\/\/lahora.mx\/index.php\/wp-json\/wp\/v2\/tags?post=19227"}],"curies":[{"name":"wp","href":"https:\/\/api.w.org\/{rel}","templated":true}]}}