{"id":19224,"date":"2023-01-07T21:41:13","date_gmt":"2023-01-07T21:41:13","guid":{"rendered":"http:\/\/lahora.mx\/?p=19224"},"modified":"2023-01-08T21:44:24","modified_gmt":"2023-01-08T21:44:24","slug":"tlaxcala-como-invitado-especial-en-el-roscatitlan-2023","status":"publish","type":"post","link":"https:\/\/lahora.mx\/index.php\/2023\/01\/07\/tlaxcala-como-invitado-especial-en-el-roscatitlan-2023\/","title":{"rendered":"Tlaxcala, como invitado especial en el Roscatitl\u00e1n 2023"},"content":{"rendered":"\n<p>Con el apoyo de la Secretar\u00eda de Cultura local, Tlaxcala fue invitado especial del Roscatitl\u00e1n 2023, organizado por \u201cEl Bonito Tianguis\u201d, mercado alternativo, el cual se realiza del 5 al 8 de enero en la Ciudad de M\u00e9xico, evento que re\u00fane roscas tradicionales, rellenas, roscas de pulque, roscas veganas, entre otras, as\u00ed como m\u00e1s de 110 expositores de gastronom\u00eda, belleza, regalos, textiles, accesorios y alimentos.<\/p>\n\n\n\n<p>El festival gastron\u00f3mico busca transmitir las tradiciones y la cultura mexicana expresada en aromas, colores y sabores t\u00edpicos de la temporada.<\/p>\n\n\n\n<p>Se compartieron recetas de las roscas de reyes que realizan en San Jorge Tezoquipan; pan tradicional, rosca, tamales de frijol y de mole, atole de ma\u00edz rojo de Chiautempan; atole de judas o masa de ma\u00edz, t\u00edpico de San Juan Huactzinco; roscas de ma\u00edz de Calpulalpan, as\u00ed como artesan\u00edas hechas en Tlaxcala.<\/p>\n\n\n\n<p>En el evento, los asistentes disfrutaron de espect\u00e1culos en vivo y de la gastronom\u00eda mexicana a precios accesibles; adem\u00e1s, se invit\u00f3 a traer juguetes nuevos o en buen estado, con el fin de llevarlos a distintas instituciones infantiles.<\/p>\n\n\n\n<p>De esta manera, el gobierno del estado, a trav\u00e9s de la Secretar\u00eda de Cultura, apoy\u00f3 a que la comitiva tlaxcalteca pudiera exponer sus productos en esta plataforma, que brindar\u00e1 impulso en la difusi\u00f3n y la adquisici\u00f3n de sus platillos.<\/p>\n","protected":false},"excerpt":{"rendered":"<p>Con el apoyo de la Secretar\u00eda de Cultura local, Tlaxcala fue invitado especial del Roscatitl\u00e1n 2023, organizado por \u201cEl Bonito Tianguis\u201d, mercado alternativo, el cual se realiza del 5 al 8 de enero en la Ciudad de M\u00e9xico, evento que re\u00fane roscas tradicionales, rellenas, roscas de pulque, roscas veganas, entre otras, as\u00ed como m\u00e1s de [&hellip;]<\/p>\n","protected":false},"author":4,"featured_media":19225,"comment_status":"open","ping_status":"open","sticky":false,"template":"","format":"standard","meta":{"om_disable_all_campaigns":false,"_monsterinsights_skip_tracking":false,"_monsterinsights_sitenote_active":false,"_monsterinsights_sitenote_note":"","_monsterinsights_sitenote_category":0,"footnotes":""},"categories":[175],"tags":[223,210],"class_list":["post-19224","post","type-post","status-publish","format-standard","has-post-thumbnail","hentry","category-local","tag-puebla","tag-tlaxcala"],"amp_enabled":true,"_links":{"self":[{"href":"https:\/\/lahora.mx\/index.php\/wp-json\/wp\/v2\/posts\/19224","targetHints":{"allow":["GET"]}}],"collection":[{"href":"https:\/\/lahora.mx\/index.php\/wp-json\/wp\/v2\/posts"}],"about":[{"href":"https:\/\/lahora.mx\/index.php\/wp-json\/wp\/v2\/types\/post"}],"author":[{"embeddable":true,"href":"https:\/\/lahora.mx\/index.php\/wp-json\/wp\/v2\/users\/4"}],"replies":[{"embeddable":true,"href":"https:\/\/lahora.mx\/index.php\/wp-json\/wp\/v2\/comments?post=19224"}],"version-history":[{"count":1,"href":"https:\/\/lahora.mx\/index.php\/wp-json\/wp\/v2\/posts\/19224\/revisions"}],"predecessor-version":[{"id":19226,"href":"https:\/\/lahora.mx\/index.php\/wp-json\/wp\/v2\/posts\/19224\/revisions\/19226"}],"wp:featuredmedia":[{"embeddable":true,"href":"https:\/\/lahora.mx\/index.php\/wp-json\/wp\/v2\/media\/19225"}],"wp:attachment":[{"href":"https:\/\/lahora.mx\/index.php\/wp-json\/wp\/v2\/media?parent=19224"}],"wp:term":[{"taxonomy":"category","embeddable":true,"href":"https:\/\/lahora.mx\/index.php\/wp-json\/wp\/v2\/categories?post=19224"},{"taxonomy":"post_tag","embeddable":true,"href":"https:\/\/lahora.mx\/index.php\/wp-json\/wp\/v2\/tags?post=19224"}],"curies":[{"name":"wp","href":"https:\/\/api.w.org\/{rel}","templated":true}]}}