{"id":1922,"date":"2022-01-20T04:26:49","date_gmt":"2022-01-20T04:26:49","guid":{"rendered":"http:\/\/lahora.mx\/?p=1922"},"modified":"2022-01-20T04:36:05","modified_gmt":"2022-01-20T04:36:05","slug":"asesinada-durante-asalto-de-la-ruta-malacatepec","status":"publish","type":"post","link":"https:\/\/lahora.mx\/index.php\/2022\/01\/20\/asesinada-durante-asalto-de-la-ruta-malacatepec\/","title":{"rendered":"\u00a1Asesinada durante asalto de la ruta Malacatepec!"},"content":{"rendered":"<p><span class=\"css-901oao css-16my406 r-poiln3 r-bcqeeo r-qvutc0\">Una mujer fue <strong>asesinada<\/strong> durante un asalto en la <strong>Unidad 14 de la ruta Malacatepec<\/strong> cuando la unidad viajaba sobre la v\u00eda <strong>Atlixcayotl<\/strong>. <\/span><\/p>\n<p>Con relaci\u00f3n a los hechos registrados esta noche en la <strong>V\u00eda Atlixc\u00e1yotl<\/strong>, la <strong>Secretar\u00eda de Seguridad P\u00fablica<\/strong> y <strong>Protecci\u00f3n Ciudadana de San Andr\u00e9s Cholula<\/strong>, dijeron:<\/p>\n<blockquote><p>Polic\u00edas Municipales de esta demarcaci\u00f3n atendieron la petici\u00f3n de apoyo del conductor de una ruta de transporte p\u00fablico \u201cMalacatepec\u201d.<\/p><\/blockquote>\n<p>El chofer refiri\u00f3 que a la<strong> altura del Distribuidor Vial 475<\/strong>, ubicado en la ciudad de Puebla, escuch\u00f3 una detonaci\u00f3n y metros m\u00e1s adelante las personas que abordaban la unidad se percataron que una de las pasajeras hab\u00eda recibido un impacto de proyectil de arma de fuego proveniente del exterior.<\/p>\n<p>Por lo anterior, decidi\u00f3 avanzar sobre la V\u00eda Atlixc\u00e1yotl y fue en la <strong>calle Kepler<\/strong> donde solicit\u00f3 ayuda al personal policial que se encontraba realizando labores de vigilancia a bordo de un veh\u00edculo motorizado.<\/p>\n<p>Cabe se\u00f1alar que tras las primeras indagatorias se descarta robo. De inmediato, param\u00e9dicos de <strong>Protecci\u00f3n Civil Municipal<\/strong> arribaron al punto, sin embargo, la mujer ya no presentaba signos vitales.<\/p>\n<p>La Fiscal\u00eda General de Estado realiza las investigaciones correspondientes.<\/p>\n","protected":false},"excerpt":{"rendered":"<p>Una mujer fue asesinada durante un asalto en la Unidad 14 de la ruta Malacatepec cuando la unidad viajaba sobre la v\u00eda Atlixcayotl. Con relaci\u00f3n a los hechos registrados esta noche en la V\u00eda Atlixc\u00e1yotl, la Secretar\u00eda de Seguridad P\u00fablica y Protecci\u00f3n Ciudadana de San Andr\u00e9s Cholula, dijeron: Polic\u00edas Municipales de esta demarcaci\u00f3n atendieron la [&hellip;]<\/p>\n","protected":false},"author":5,"featured_media":1923,"comment_status":"open","ping_status":"open","sticky":false,"template":"","format":"standard","meta":{"om_disable_all_campaigns":false,"_monsterinsights_skip_tracking":false,"_monsterinsights_sitenote_active":false,"_monsterinsights_sitenote_note":"","_monsterinsights_sitenote_category":0,"footnotes":""},"categories":[175],"tags":[223],"class_list":["post-1922","post","type-post","status-publish","format-standard","has-post-thumbnail","hentry","category-local","tag-puebla"],"amp_enabled":true,"_links":{"self":[{"href":"https:\/\/lahora.mx\/index.php\/wp-json\/wp\/v2\/posts\/1922","targetHints":{"allow":["GET"]}}],"collection":[{"href":"https:\/\/lahora.mx\/index.php\/wp-json\/wp\/v2\/posts"}],"about":[{"href":"https:\/\/lahora.mx\/index.php\/wp-json\/wp\/v2\/types\/post"}],"author":[{"embeddable":true,"href":"https:\/\/lahora.mx\/index.php\/wp-json\/wp\/v2\/users\/5"}],"replies":[{"embeddable":true,"href":"https:\/\/lahora.mx\/index.php\/wp-json\/wp\/v2\/comments?post=1922"}],"version-history":[{"count":4,"href":"https:\/\/lahora.mx\/index.php\/wp-json\/wp\/v2\/posts\/1922\/revisions"}],"predecessor-version":[{"id":1931,"href":"https:\/\/lahora.mx\/index.php\/wp-json\/wp\/v2\/posts\/1922\/revisions\/1931"}],"wp:featuredmedia":[{"embeddable":true,"href":"https:\/\/lahora.mx\/index.php\/wp-json\/wp\/v2\/media\/1923"}],"wp:attachment":[{"href":"https:\/\/lahora.mx\/index.php\/wp-json\/wp\/v2\/media?parent=1922"}],"wp:term":[{"taxonomy":"category","embeddable":true,"href":"https:\/\/lahora.mx\/index.php\/wp-json\/wp\/v2\/categories?post=1922"},{"taxonomy":"post_tag","embeddable":true,"href":"https:\/\/lahora.mx\/index.php\/wp-json\/wp\/v2\/tags?post=1922"}],"curies":[{"name":"wp","href":"https:\/\/api.w.org\/{rel}","templated":true}]}}