{"id":19215,"date":"2023-01-08T21:09:07","date_gmt":"2023-01-08T21:09:07","guid":{"rendered":"http:\/\/lahora.mx\/?p=19215"},"modified":"2023-01-08T21:09:08","modified_gmt":"2023-01-08T21:09:08","slug":"arzobispo-de-puebla-pide-orar-por-la-paz-ante-los-feminicidios-recientes","status":"publish","type":"post","link":"https:\/\/lahora.mx\/index.php\/2023\/01\/08\/arzobispo-de-puebla-pide-orar-por-la-paz-ante-los-feminicidios-recientes\/","title":{"rendered":"Arzobispo de Puebla pide orar por la paz ante los feminicidios recientes"},"content":{"rendered":"\n<p>Derivado de la violencia generalizada que se vive en el estado de Puebla y el pa\u00eds de M\u00e9xico, el arzobispo de Puebla, V\u00edctor S\u00e1nchez Espinosa, reiter\u00f3 su llamado a reconstruir la paz y cultivar principios humanos en los corazones de la sociedad.<\/p>\n\n\n\n<p>Asimismo, ofreci\u00f3 una oraci\u00f3n por el eterno descanso de Mar\u00eda Eugenia Ocampo, la psic\u00f3loga activista que apareci\u00f3 muerta el pasado 4 de enero en inmediaciones de La Malinche.<\/p>\n\n\n\n<p>Al encabezar la misa dominical en la Catedral, S\u00e1nchez Espinosa pidi\u00f3 a los poblanos pedirle al Ni\u00f1o Dios paz ante la ola de inseguridad, violencia y extorsi\u00f3n que se sigue viviendo en la entidad poblana:<\/p>\n\n\n\n<p>\u201cSigamos pidi\u00e9ndole al Ni\u00f1o Dios que nos d\u00e9 su paz en nuestros corazones, en los hogares, en nuestras familias, en nuestra patria qu\u00e9 tanto nos hace falta, ante todos los hechos de violencia, de inseguridad que estamos viviendo en Puebla, en M\u00e9xico y en distintas regiones\u201d, expres\u00f3.<br>El arzobispo indic\u00f3 que estas fiestas decembrinas tuvieron que dejar a cada persona el deseo de crecer en su vida familiar y espiritualmente, pues son fechas en las que deben reflexionar sobre sus acciones para que sean mejores personas.<\/p>\n\n\n\n<p>S\u00e1nchez Espinosa pidi\u00f3 por la salud y el trabajo de todos los feligreses, a quienes invit\u00f3 a corregir los actos de rebeld\u00eda desde los hogares:<\/p>\n\n\n\n<p>\u201cEn los primeros d\u00edas de enero nos pusimos en las manos y nos seguimos poniendo en las manos de la Providencia Divina para que nunca nos falte su gracia, para que nunca nos falten los sacramentos, la salud, sobre todo en estos a\u00f1os tan dif\u00edciles que hemos vivido de pandemia, para que nunca nos falte trabajo, casa, vestido y sustento\u201d, enfatiz\u00f3.<\/p>\n\n\n\n<p>Finalmente, el arzobispo de Puebla ofreci\u00f3 una oraci\u00f3n por el reciente feminicidio de Maru Ocampo Mart\u00ednez, morelense radicada en San Andr\u00e9s Cholula, quien despu\u00e9s de permanecer desaparecida desde el 21 de diciembre pasado, sus restos fueron hallados en Tlaxcala.<\/p>\n","protected":false},"excerpt":{"rendered":"<p>Derivado de la violencia generalizada que se vive en el estado de Puebla y el pa\u00eds de M\u00e9xico, el arzobispo de Puebla, V\u00edctor S\u00e1nchez Espinosa, reiter\u00f3 su llamado a reconstruir la paz y cultivar principios humanos en los corazones de la sociedad. Asimismo, ofreci\u00f3 una oraci\u00f3n por el eterno descanso de Mar\u00eda Eugenia Ocampo, la [&hellip;]<\/p>\n","protected":false},"author":4,"featured_media":19216,"comment_status":"open","ping_status":"open","sticky":false,"template":"","format":"standard","meta":{"om_disable_all_campaigns":false,"_monsterinsights_skip_tracking":false,"_monsterinsights_sitenote_active":false,"_monsterinsights_sitenote_note":"","_monsterinsights_sitenote_category":0,"footnotes":""},"categories":[175],"tags":[223],"class_list":["post-19215","post","type-post","status-publish","format-standard","has-post-thumbnail","hentry","category-local","tag-puebla"],"amp_enabled":true,"_links":{"self":[{"href":"https:\/\/lahora.mx\/index.php\/wp-json\/wp\/v2\/posts\/19215","targetHints":{"allow":["GET"]}}],"collection":[{"href":"https:\/\/lahora.mx\/index.php\/wp-json\/wp\/v2\/posts"}],"about":[{"href":"https:\/\/lahora.mx\/index.php\/wp-json\/wp\/v2\/types\/post"}],"author":[{"embeddable":true,"href":"https:\/\/lahora.mx\/index.php\/wp-json\/wp\/v2\/users\/4"}],"replies":[{"embeddable":true,"href":"https:\/\/lahora.mx\/index.php\/wp-json\/wp\/v2\/comments?post=19215"}],"version-history":[{"count":1,"href":"https:\/\/lahora.mx\/index.php\/wp-json\/wp\/v2\/posts\/19215\/revisions"}],"predecessor-version":[{"id":19217,"href":"https:\/\/lahora.mx\/index.php\/wp-json\/wp\/v2\/posts\/19215\/revisions\/19217"}],"wp:featuredmedia":[{"embeddable":true,"href":"https:\/\/lahora.mx\/index.php\/wp-json\/wp\/v2\/media\/19216"}],"wp:attachment":[{"href":"https:\/\/lahora.mx\/index.php\/wp-json\/wp\/v2\/media?parent=19215"}],"wp:term":[{"taxonomy":"category","embeddable":true,"href":"https:\/\/lahora.mx\/index.php\/wp-json\/wp\/v2\/categories?post=19215"},{"taxonomy":"post_tag","embeddable":true,"href":"https:\/\/lahora.mx\/index.php\/wp-json\/wp\/v2\/tags?post=19215"}],"curies":[{"name":"wp","href":"https:\/\/api.w.org\/{rel}","templated":true}]}}