{"id":19141,"date":"2023-01-06T00:08:43","date_gmt":"2023-01-06T00:08:43","guid":{"rendered":"http:\/\/lahora.mx\/?p=19141"},"modified":"2023-01-06T00:08:44","modified_gmt":"2023-01-06T00:08:44","slug":"la-nueva-presidenta-honoraria-del-patronato-del-sedif-puebla-gabriela-bonilla-parada","status":"publish","type":"post","link":"https:\/\/lahora.mx\/index.php\/2023\/01\/06\/la-nueva-presidenta-honoraria-del-patronato-del-sedif-puebla-gabriela-bonilla-parada\/","title":{"rendered":"La nueva presidenta honoraria del Patronato del SEDIF Puebla; Gabriela Bonilla Parada"},"content":{"rendered":"\n<p>El gobernador Sergio Salom\u00f3n C\u00e9spedes Peregrina tom\u00f3 protesta a Gabriela Bonilla Parada como presidenta honoraria del Patronato del Sistema para el Desarrollo Integral de la Familia (SEDIF), espacio que era ocupado por la se\u00f1ora Rosario Orozco Caballero, a quien el mandatario agradeci\u00f3 por instaurar y formar parte de un gobierno cercano a la gente, lo cual representa un legado para las y los poblanos<br>El titular del Ejecutivo local destac\u00f3 que Orozco Caballero es una poblana honorable, comprometida, un gran ser humano, esposa y madre, que de la mano del exgobernador Miguel Barbosa Huerta, transform\u00f3 de fondo al SEDIF y al gobierno estatal.<\/p>\n\n\n\n<p>Adem\u00e1s, C\u00e9spedes Peregrina se\u00f1al\u00f3 que tanto el exgobernador como su esposa cambiaron la manera de concebir el servicio p\u00fablico, al pasar de una visi\u00f3n patrimonialista a una verdadera vocaci\u00f3n de servicio.<\/p>\n\n\n\n<p>Asimismo, el gobernador destac\u00f3 la entrega, dinamismo y la forma de atender las causas sociales de su esposa, la presidenta honoraria del SEDIF, a quien le reiter\u00f3 su compromiso y apoyo para seguir haciendo del organismo una instituci\u00f3n noble, que lucha contra las desigualdades y atiende a las personas m\u00e1s desfavorecidas.<\/p>\n\n\n\n<p>En tanto, la presidenta del Patronato del SEDIF, Gabriela Bonilla Parada se comprometi\u00f3 a darle continuidad a las acciones desarrolladas por Orozco Caballero al frente del organismo, desde donde dijo que trabajar\u00e1 con fuerza y coraz\u00f3n en favor de las personas m\u00e1s desprotegidas y en situaci\u00f3n de vulnerabilidad.<br>Afirm\u00f3 que seguir\u00e1 trabajando de la mano del Sistema Nacional DIF y del presidente Andr\u00e9s Manuel L\u00f3pez Obrador para avanzar en la transformaci\u00f3n del pa\u00eds y del estado, y adem\u00e1s para reducir las desigualdades en la sociedad.<\/p>\n\n\n\n<p>Sentenci\u00f3 que los apoyos del organismo llegar\u00e1n a todos los rincones del estado, para que ninguna familia se quede sin progreso. Adem\u00e1s, refiri\u00f3 que la instituci\u00f3n continuar\u00e1 fungiendo como un puente entre organizaciones de la sociedad civil y empresas con responsabilidad social.<\/p>\n\n\n\n<p>Al agradecer las muestras de cari\u00f1o por parte de las y los presentes, la se\u00f1ora Rosario Orozco Caballero record\u00f3 que su esposo, el exgobernador Miguel Barbosa Huerta, logr\u00f3 transformar al SEDIF en un organismo que trabaja y se entrega a la gente, convirti\u00e9ndose en el orgullo y rostro humano de su administraci\u00f3n.<\/p>\n\n\n\n<p>Resalt\u00f3 tambi\u00e9n la noble causa que enarbola el organismo, ya que atiende a la poblaci\u00f3n en sus momentos m\u00e1s apremiantes, por lo que encomend\u00f3 a la nueva presidenta del Patronato continuar con esta labor con la misma entrega y dedicaci\u00f3n.<\/p>\n\n\n\n<p>Asimismo, afirm\u00f3 que una sociedad ser\u00e1 mejor cuando todas y todos sus integrantes tengan lo necesario para vivir dignamente, por lo que el prop\u00f3sito del SEDIF es empoderar al que menos tiene y m\u00e1s necesita y mantener cercan\u00eda con la gente.<\/p>\n\n\n\n<p>LAS FAMILIAS POBLANAS EST\u00c1N EN BUENAS MANOS CON GABRIELA BONILLA: DIF NACIONAL<\/p>\n\n\n\n<p>A su vez, la directora de la Unidad de Igualdad de G\u00e9nero del DIF Nacional, Elideth Cabrera Gayt\u00e1n felicit\u00f3 a Bonilla Parada por su nombramiento y le reiter\u00f3 el respaldo del organismo nacional para trabajar en favor de las y los ciudadanos.<\/p>\n\n\n\n<p>Ante las presidentas de los sistemas municipales DIF, la funcionaria federal tambi\u00e9n sostuvo que las familias poblanas est\u00e1n en buenas manos con la llegada de Bonilla Parada.<\/p>\n","protected":false},"excerpt":{"rendered":"<p>El gobernador Sergio Salom\u00f3n C\u00e9spedes Peregrina tom\u00f3 protesta a Gabriela Bonilla Parada como presidenta honoraria del Patronato del Sistema para el Desarrollo Integral de la Familia (SEDIF), espacio que era ocupado por la se\u00f1ora Rosario Orozco Caballero, a quien el mandatario agradeci\u00f3 por instaurar y formar parte de un gobierno cercano a la gente, lo [&hellip;]<\/p>\n","protected":false},"author":4,"featured_media":19142,"comment_status":"open","ping_status":"open","sticky":false,"template":"","format":"standard","meta":{"om_disable_all_campaigns":false,"_monsterinsights_skip_tracking":false,"_monsterinsights_sitenote_active":false,"_monsterinsights_sitenote_note":"","_monsterinsights_sitenote_category":0,"footnotes":""},"categories":[175],"tags":[223],"class_list":["post-19141","post","type-post","status-publish","format-standard","has-post-thumbnail","hentry","category-local","tag-puebla"],"amp_enabled":true,"_links":{"self":[{"href":"https:\/\/lahora.mx\/index.php\/wp-json\/wp\/v2\/posts\/19141","targetHints":{"allow":["GET"]}}],"collection":[{"href":"https:\/\/lahora.mx\/index.php\/wp-json\/wp\/v2\/posts"}],"about":[{"href":"https:\/\/lahora.mx\/index.php\/wp-json\/wp\/v2\/types\/post"}],"author":[{"embeddable":true,"href":"https:\/\/lahora.mx\/index.php\/wp-json\/wp\/v2\/users\/4"}],"replies":[{"embeddable":true,"href":"https:\/\/lahora.mx\/index.php\/wp-json\/wp\/v2\/comments?post=19141"}],"version-history":[{"count":1,"href":"https:\/\/lahora.mx\/index.php\/wp-json\/wp\/v2\/posts\/19141\/revisions"}],"predecessor-version":[{"id":19143,"href":"https:\/\/lahora.mx\/index.php\/wp-json\/wp\/v2\/posts\/19141\/revisions\/19143"}],"wp:featuredmedia":[{"embeddable":true,"href":"https:\/\/lahora.mx\/index.php\/wp-json\/wp\/v2\/media\/19142"}],"wp:attachment":[{"href":"https:\/\/lahora.mx\/index.php\/wp-json\/wp\/v2\/media?parent=19141"}],"wp:term":[{"taxonomy":"category","embeddable":true,"href":"https:\/\/lahora.mx\/index.php\/wp-json\/wp\/v2\/categories?post=19141"},{"taxonomy":"post_tag","embeddable":true,"href":"https:\/\/lahora.mx\/index.php\/wp-json\/wp\/v2\/tags?post=19141"}],"curies":[{"name":"wp","href":"https:\/\/api.w.org\/{rel}","templated":true}]}}