{"id":19124,"date":"2023-01-05T23:23:51","date_gmt":"2023-01-05T23:23:51","guid":{"rendered":"http:\/\/lahora.mx\/?p=19124"},"modified":"2023-01-05T23:23:53","modified_gmt":"2023-01-05T23:23:53","slug":"parquimetros-en-puebla-han-acabado-con-vivales","status":"publish","type":"post","link":"https:\/\/lahora.mx\/index.php\/2023\/01\/05\/parquimetros-en-puebla-han-acabado-con-vivales\/","title":{"rendered":"Parqu\u00edmetros en Puebla han acabado con \u201cvivales\u201d"},"content":{"rendered":"\n<p>El presidente municipal, Eduardo Rivera P\u00e9rez, se\u00f1al\u00f3 que el sistema de parqu\u00edmetros en Puebla ha ayudado a acabar con los \u201cvivales\u201d que no respetaban la v\u00eda p\u00fablica, pues ahora hay un orden en el Centro Hist\u00f3rico, en este sentido, dijo que estar\u00e1n vigilantes que como van funcionando las nuevas modificaciones al programa que entrar\u00e1n en vigor el pr\u00f3ximo lunes 9 de enero.<\/p>\n\n\n\n<p>El edil manifest\u00f3 en entrevista que antes los automovilistas llegaban y hac\u00edan mal uso de la v\u00eda p\u00fablica, adem\u00e1s de hab\u00eda franeleros y comercios que apartaban lugares, por lo que una vez que dio inicio el sistema de parqu\u00edmetros ha ayudado a tener una mejor movilidad en el primer cuadro de la ciudad.<br>Recalc\u00f3 que el programa no es recaudatorio pues la tarifa se seguir\u00e1 manteniendo en 20 pesos, donde los usuarios podr\u00e1n estacionarse hasta por cinco horas, siendo la \u00faltima hora gratis, adem\u00e1s de que ahora funcionar\u00e1 los siete d\u00edas de la semana, a fin de fomentar la reactivaci\u00f3n econ\u00f3mica.<\/p>\n\n\n\n<p>Rivera P\u00e9rez, indic\u00f3 que el aprobar la utilizaci\u00f3n de los inmovilizadores es porque hab\u00eda personas que se estacionaban y escond\u00edan sus placas para no pagar, por ello, el gobierno no puede dejar sorprender ante personas que no quieran cumplir la Norma y la Ley.<br>\u201cLos empresarios nos hab\u00edan dicho que pusi\u00e9ramos orden y que los ayud\u00e1ramos los fines de semana. Me parece que lo que la decisi\u00f3n que se tom\u00f3 es la correcta, primero no se increment\u00f3 el precio del parqu\u00edmetro, ahora pueden estacionarse por un m\u00e1ximo de 5 horas y funcionar\u00e1 toda la semana y esto va a permitir que todos aquellos que visiten el Centro Hist\u00f3rico tengan siempre donde estacionarse y disfruten de la Catedral, de su gastronom\u00eda, de los lugares tur\u00edsticos e hist\u00f3ricos que tenemos en el municipio de Puebla\u201d, dijo.<\/p>\n\n\n\n<p>El primer regidor manifest\u00f3 que los parqu\u00edmetros hab\u00edan sido una demanda y una intenci\u00f3n de varios gobiernos, por lo que ahora son una administraci\u00f3n que logr\u00f3 materializarlo, as\u00ed como lograr el ordenamiento del ambulantaje.<\/p>\n\n\n\n<p>Indic\u00f3 que continuar\u00e1n evaluando las nuevas medidas del programa, adem\u00e1s de que mantendr\u00e1n constante comunicaci\u00f3n con el sector empresarial, los comerciantes del Centro Hist\u00f3rico y con los usuarios a fin de seguir mejorando su funcionamiento.<\/p>\n\n\n\n<p>\u201cSe puede seguir perfeccionando, lo anunciamos cuando iniciamos esta medida de parqu\u00edmetros en Puebla y continuaremos con esta voluntad y disposici\u00f3n del gobierno de la ciudad de escuchar para siempre mejorar nuestras pol\u00edticas p\u00fablicas\u201d, apunt\u00f3 Eduardo Rivera.<\/p>\n","protected":false},"excerpt":{"rendered":"<p>El presidente municipal, Eduardo Rivera P\u00e9rez, se\u00f1al\u00f3 que el sistema de parqu\u00edmetros en Puebla ha ayudado a acabar con los \u201cvivales\u201d que no respetaban la v\u00eda p\u00fablica, pues ahora hay un orden en el Centro Hist\u00f3rico, en este sentido, dijo que estar\u00e1n vigilantes que como van funcionando las nuevas modificaciones al programa que entrar\u00e1n en [&hellip;]<\/p>\n","protected":false},"author":4,"featured_media":19125,"comment_status":"open","ping_status":"open","sticky":false,"template":"","format":"standard","meta":{"om_disable_all_campaigns":false,"_monsterinsights_skip_tracking":false,"_monsterinsights_sitenote_active":false,"_monsterinsights_sitenote_note":"","_monsterinsights_sitenote_category":0,"footnotes":""},"categories":[175],"tags":[223],"class_list":["post-19124","post","type-post","status-publish","format-standard","has-post-thumbnail","hentry","category-local","tag-puebla"],"amp_enabled":true,"_links":{"self":[{"href":"https:\/\/lahora.mx\/index.php\/wp-json\/wp\/v2\/posts\/19124","targetHints":{"allow":["GET"]}}],"collection":[{"href":"https:\/\/lahora.mx\/index.php\/wp-json\/wp\/v2\/posts"}],"about":[{"href":"https:\/\/lahora.mx\/index.php\/wp-json\/wp\/v2\/types\/post"}],"author":[{"embeddable":true,"href":"https:\/\/lahora.mx\/index.php\/wp-json\/wp\/v2\/users\/4"}],"replies":[{"embeddable":true,"href":"https:\/\/lahora.mx\/index.php\/wp-json\/wp\/v2\/comments?post=19124"}],"version-history":[{"count":1,"href":"https:\/\/lahora.mx\/index.php\/wp-json\/wp\/v2\/posts\/19124\/revisions"}],"predecessor-version":[{"id":19126,"href":"https:\/\/lahora.mx\/index.php\/wp-json\/wp\/v2\/posts\/19124\/revisions\/19126"}],"wp:featuredmedia":[{"embeddable":true,"href":"https:\/\/lahora.mx\/index.php\/wp-json\/wp\/v2\/media\/19125"}],"wp:attachment":[{"href":"https:\/\/lahora.mx\/index.php\/wp-json\/wp\/v2\/media?parent=19124"}],"wp:term":[{"taxonomy":"category","embeddable":true,"href":"https:\/\/lahora.mx\/index.php\/wp-json\/wp\/v2\/categories?post=19124"},{"taxonomy":"post_tag","embeddable":true,"href":"https:\/\/lahora.mx\/index.php\/wp-json\/wp\/v2\/tags?post=19124"}],"curies":[{"name":"wp","href":"https:\/\/api.w.org\/{rel}","templated":true}]}}