{"id":19116,"date":"2023-01-05T15:55:57","date_gmt":"2023-01-05T15:55:57","guid":{"rendered":"http:\/\/lahora.mx\/?p=19116"},"modified":"2023-01-05T17:13:42","modified_gmt":"2023-01-05T17:13:42","slug":"detienen-a-ovidio-guzman-hijo-de-el-chapo-guzman","status":"publish","type":"post","link":"https:\/\/lahora.mx\/index.php\/2023\/01\/05\/detienen-a-ovidio-guzman-hijo-de-el-chapo-guzman\/","title":{"rendered":"Detienen a Ovidio Guzm\u00e1n, hijo de &#8216;El Chapo&#8217; Guzm\u00e1n"},"content":{"rendered":"\n<p>Durante operativo realizado por autoridades federales habr\u00eda sido detenido Ovidio Guzm\u00e1n, hijo de Joaqu\u00edn El Chapo Guzm\u00e1n Loera. La informaci\u00f3n fue confirmada por fuentes del gobierno estatal.<\/p>\n\n\n\n<p>La informaci\u00f3n obtenida se\u00f1ala que Ovidio Guzm\u00e1n, identificado como uno de los principales productores y distribuidores de fentanilo, y uno de los l\u00edderes del C\u00e1rtel de Sinaloa habr\u00eda sido capturado durante un operativo realizado esta madrugada en la comunidad de Jes\u00fas Mar\u00eda.<\/p>\n\n\n\n<p>La presunta detenci\u00f3n gener\u00f3 bloqueos en distintas vialidades de Culiac\u00e1n, entre ellas, en las avenidas Constituci\u00f3n y calzada Heroico Colegio Militar a un costado del Hospital del ISSSTE, Salida Norte Espacios Barcelona, Lila Beltr\u00e1n y Arjona en UdeO y del Sauz a la altura del Huizache.<\/p>\n\n\n\n<p>Enfrentamientos en diferentes puntos de la ciudad, as\u00ed como veh\u00edculos incendiados que bloquean las salidas de Culiac\u00e1n y repostes de despojos de veh\u00edculos a civiles, desde alrededor de las 4:30 de la ma\u00f1ana, provoc\u00f3 que la ciudad se paralizara; Cristobal Casta\u00f1eda Camarillo Secretario de Seguridad P\u00fablica en Sinaloa inform\u00f3 y solicit\u00f3 a a la poblaci\u00f3n de la capital del estado que no salgan hasta reportar mejores condiciones.<\/p>\n\n\n\n<p>\u201cSe est\u00e1n presentando despojos de veh\u00edculos y bloqueos en diferentes puntos de la ciudad, pedimos a la ciudadan\u00eda no salir, estamos actuando en consecuencia, informaremos cuando estemos en condiciones\u201d, se\u00f1al\u00f3 Cristobal Casta\u00f1eda Camarillo, Secretario de Seguridad P\u00fablica en Sinaloa, a trav\u00e9s de su cuenta de Twitter.<\/p>\n\n\n\n<p>Hasta hace un momento al menos seis bloqueos se hab\u00edan detectado, uno muy cerca de las inmediaciones de la novena zona militar.<\/p>\n\n\n\n<p>Apenas ayer anunciaron cambios en la regi\u00f3n castrense, tom\u00f3 protesta el General de. Fugada Diplomado de Estado Mayor Alfredo Salgado Vargas.<\/p>\n\n\n\n<p>Se encuentran bloqueos tambi\u00e9n en la carretera Mexico 15 donde hay veh\u00edculos incendiados; as\u00ed como en la salida Norte y sur de la ciudad.<\/p>\n\n\n\n<p>En 2019 C\u00e9lulas del c\u00e1rtel de Sinaloa hicieron fracasar la aprehensi\u00f3n en Culiac\u00e1n de Ovidio Guzm\u00e1n L\u00f3pez, hijo de Joaqu\u00edn El Chapo Guzm\u00e1n Loera, cuando ya estaba en manos de integrantes de la Guardia Nacional y elementos del Ej\u00e9rcito Mexicano. Las autoridades indicaron a La Jornadaque se le dej\u00f3 en libertad para evitar m\u00e1s violencia en la capital sinaloense \u2013la detenci\u00f3n gener\u00f3 horas de balaceras y agresiones armadas en distintos puntos de esa ciudad\u2013, y con ello adem\u00e1s de preservar la vida de los integrantes de las fuerzas armadas se busc\u00f3 recuperar la calma en esa localidad.<\/p>\n\n\n\n<p>El 17 de octubre de 2019, integrantes del gabinete de seguridad nacional revelaron a este diario que al filo de las tres de la tarde las fuerzas federales se desplegaron en torno a una vivienda del fraccionamiento Tres R\u00edos, luego de que presuntamente desde una de las residencias valuadas en m\u00e1s de 47 millones de pesos se registr\u00f3 un ataque armado contra los integrantes de la patrulla.<\/p>\n\n\n\n<p>Los guardias y militares tomaron el control de la vivienda \u2013sin que se haya detallado si hubo heridos o muertos durante el operativo\u2013, y una vez que ingresaron a ella localizaron a cuatro personas, entre quienes se encontraba Ovidio Guzm\u00e1n L\u00f3pez (hijo de Griselda L\u00f3pez P\u00e9rez, segunda esposa de El Chapo Guzm\u00e1n).<\/p>\n","protected":false},"excerpt":{"rendered":"<p>Durante operativo realizado por autoridades federales habr\u00eda sido detenido Ovidio Guzm\u00e1n, hijo de Joaqu\u00edn El Chapo Guzm\u00e1n Loera. La informaci\u00f3n fue confirmada por fuentes del gobierno estatal. La informaci\u00f3n obtenida se\u00f1ala que Ovidio Guzm\u00e1n, identificado como uno de los principales productores y distribuidores de fentanilo, y uno de los l\u00edderes del C\u00e1rtel de Sinaloa habr\u00eda [&hellip;]<\/p>\n","protected":false},"author":4,"featured_media":19117,"comment_status":"open","ping_status":"open","sticky":false,"template":"","format":"standard","meta":{"om_disable_all_campaigns":false,"_monsterinsights_skip_tracking":false,"_monsterinsights_sitenote_active":false,"_monsterinsights_sitenote_note":"","_monsterinsights_sitenote_category":0,"footnotes":""},"categories":[176],"tags":[195],"class_list":["post-19116","post","type-post","status-publish","format-standard","has-post-thumbnail","hentry","category-nacional","tag-principal"],"amp_enabled":true,"_links":{"self":[{"href":"https:\/\/lahora.mx\/index.php\/wp-json\/wp\/v2\/posts\/19116","targetHints":{"allow":["GET"]}}],"collection":[{"href":"https:\/\/lahora.mx\/index.php\/wp-json\/wp\/v2\/posts"}],"about":[{"href":"https:\/\/lahora.mx\/index.php\/wp-json\/wp\/v2\/types\/post"}],"author":[{"embeddable":true,"href":"https:\/\/lahora.mx\/index.php\/wp-json\/wp\/v2\/users\/4"}],"replies":[{"embeddable":true,"href":"https:\/\/lahora.mx\/index.php\/wp-json\/wp\/v2\/comments?post=19116"}],"version-history":[{"count":2,"href":"https:\/\/lahora.mx\/index.php\/wp-json\/wp\/v2\/posts\/19116\/revisions"}],"predecessor-version":[{"id":19119,"href":"https:\/\/lahora.mx\/index.php\/wp-json\/wp\/v2\/posts\/19116\/revisions\/19119"}],"wp:featuredmedia":[{"embeddable":true,"href":"https:\/\/lahora.mx\/index.php\/wp-json\/wp\/v2\/media\/19117"}],"wp:attachment":[{"href":"https:\/\/lahora.mx\/index.php\/wp-json\/wp\/v2\/media?parent=19116"}],"wp:term":[{"taxonomy":"category","embeddable":true,"href":"https:\/\/lahora.mx\/index.php\/wp-json\/wp\/v2\/categories?post=19116"},{"taxonomy":"post_tag","embeddable":true,"href":"https:\/\/lahora.mx\/index.php\/wp-json\/wp\/v2\/tags?post=19116"}],"curies":[{"name":"wp","href":"https:\/\/api.w.org\/{rel}","templated":true}]}}