{"id":19110,"date":"2023-01-05T14:53:28","date_gmt":"2023-01-05T14:53:28","guid":{"rendered":"http:\/\/lahora.mx\/?p=19110"},"modified":"2023-01-05T14:53:29","modified_gmt":"2023-01-05T14:53:29","slug":"culiacan-amanece-con-balaceras-y-narcobloqueos","status":"publish","type":"post","link":"https:\/\/lahora.mx\/index.php\/2023\/01\/05\/culiacan-amanece-con-balaceras-y-narcobloqueos\/","title":{"rendered":"Culiac\u00e1n amanece con balaceras y narcobloqueos"},"content":{"rendered":"\n<p>La ciudad de Culiac\u00e1n, Sinaloa, amaneci\u00f3 hoy 05 de enero de 2023 con balaceras entre elementos de seguridad y hombres armados, adem\u00e1s de narcobloqueos con veh\u00edculos incendiados, luego de que se report\u00f3 la presunta captura de un l\u00edder de la delincuencia organizada.<\/p>\n\n\n\n<p>El secretario de Seguridad P\u00fablica, Crist\u00f3bal Casta\u00f1eda Camarillo, confirm\u00f3 estos enfrentamientos y pidi\u00f3 a la ciudadana mantenerse en casa hasta que controlen la situaci\u00f3n.<\/p>\n\n\n\n<p>\u201cSe est\u00e1n presentando diferentes bloqueos en toda la ciudad, ahorita la invitaci\u00f3n a la ciudad es que si no tienen a nada que salir, no salgan\u201d se\u00f1al\u00f3.<\/p>\n\n\n\n<p>Tambi\u00e9n dijo que est\u00e1n reportando bloqueos en las carreteras y el despojo de unidades.<\/p>\n\n\n\n<p>Ante los hechos de violencia, la Universidad Aut\u00f3noma de Sinaloa solicit\u00f3 a la comunidad universitaria y a la sociedad en general a no salir a las calles con la finalidad de no exponerse.<\/p>\n\n\n\n<p>\u00abNos mantendremos atentos a estos sucesos y exhortamos a la poblaci\u00f3n atender las recomendaciones de las autoridades de seguridad\u00bb, indican en un comunciado difundido en redes sociales.<\/p>\n\n\n\n<p>Asimismo, la Secretar\u00eda de Educaci\u00f3n P\u00fablica y Cultura suspendi\u00f3 todas las actividades docentes y administrativas en el municipio de Culiac\u00e1n.#AvisoImportante<\/p>\n\n\n\n<p>En redes sociales circulan los videos de los enfrentamientos ocurridos a primera hora de hoy 05 de enero de 2023 en la capital.<\/p>\n","protected":false},"excerpt":{"rendered":"<p>La ciudad de Culiac\u00e1n, Sinaloa, amaneci\u00f3 hoy 05 de enero de 2023 con balaceras entre elementos de seguridad y hombres armados, adem\u00e1s de narcobloqueos con veh\u00edculos incendiados, luego de que se report\u00f3 la presunta captura de un l\u00edder de la delincuencia organizada. El secretario de Seguridad P\u00fablica, Crist\u00f3bal Casta\u00f1eda Camarillo, confirm\u00f3 estos enfrentamientos y pidi\u00f3 [&hellip;]<\/p>\n","protected":false},"author":4,"featured_media":19111,"comment_status":"open","ping_status":"open","sticky":false,"template":"","format":"standard","meta":{"om_disable_all_campaigns":false,"_monsterinsights_skip_tracking":false,"_monsterinsights_sitenote_active":false,"_monsterinsights_sitenote_note":"","_monsterinsights_sitenote_category":0,"footnotes":""},"categories":[176],"tags":[195],"class_list":["post-19110","post","type-post","status-publish","format-standard","has-post-thumbnail","hentry","category-nacional","tag-principal"],"amp_enabled":true,"_links":{"self":[{"href":"https:\/\/lahora.mx\/index.php\/wp-json\/wp\/v2\/posts\/19110","targetHints":{"allow":["GET"]}}],"collection":[{"href":"https:\/\/lahora.mx\/index.php\/wp-json\/wp\/v2\/posts"}],"about":[{"href":"https:\/\/lahora.mx\/index.php\/wp-json\/wp\/v2\/types\/post"}],"author":[{"embeddable":true,"href":"https:\/\/lahora.mx\/index.php\/wp-json\/wp\/v2\/users\/4"}],"replies":[{"embeddable":true,"href":"https:\/\/lahora.mx\/index.php\/wp-json\/wp\/v2\/comments?post=19110"}],"version-history":[{"count":1,"href":"https:\/\/lahora.mx\/index.php\/wp-json\/wp\/v2\/posts\/19110\/revisions"}],"predecessor-version":[{"id":19112,"href":"https:\/\/lahora.mx\/index.php\/wp-json\/wp\/v2\/posts\/19110\/revisions\/19112"}],"wp:featuredmedia":[{"embeddable":true,"href":"https:\/\/lahora.mx\/index.php\/wp-json\/wp\/v2\/media\/19111"}],"wp:attachment":[{"href":"https:\/\/lahora.mx\/index.php\/wp-json\/wp\/v2\/media?parent=19110"}],"wp:term":[{"taxonomy":"category","embeddable":true,"href":"https:\/\/lahora.mx\/index.php\/wp-json\/wp\/v2\/categories?post=19110"},{"taxonomy":"post_tag","embeddable":true,"href":"https:\/\/lahora.mx\/index.php\/wp-json\/wp\/v2\/tags?post=19110"}],"curies":[{"name":"wp","href":"https:\/\/api.w.org\/{rel}","templated":true}]}}