{"id":19105,"date":"2023-01-05T14:49:41","date_gmt":"2023-01-05T14:49:41","guid":{"rendered":"http:\/\/lahora.mx\/?p=19105"},"modified":"2023-01-05T14:49:42","modified_gmt":"2023-01-05T14:49:42","slug":"solo-la-policia-ambiental-podra-multar-a-vehiculos-que-no-verifiquen-en-2023","status":"publish","type":"post","link":"https:\/\/lahora.mx\/index.php\/2023\/01\/05\/solo-la-policia-ambiental-podra-multar-a-vehiculos-que-no-verifiquen-en-2023\/","title":{"rendered":"S\u00f3lo la Polic\u00eda Ambiental podr\u00e1 multar a veh\u00edculos que no verifiquen en 2023"},"content":{"rendered":"\n<p>La Polic\u00eda Ambiental se distinguir\u00e1 por usar un chaleco color verde oscuro con la leyenda de Proximidad y Seguridad en Caminos; en la primera etapa habr\u00e1 114 elementos y se ir\u00e1n sumando m\u00e1s conforme transcurre el tiempo, as\u00ed lo dio a conocer el secretario de Seguridad P\u00fablica Daniel Cruz.<\/p>\n\n\n\n<p>Durante la \u2018ma\u00f1anera\u2019 del Gobierno del Estado, el titular de Seguridad P\u00fablica mencion\u00f3 que ya concluy\u00f3 el primer periodo de capacitaci\u00f3n a los elementos que conformar\u00e1n la Polic\u00eda Ambiental; este curso lo terminaron 57 efectivos y el lunes iniciar\u00e1 la capacitaci\u00f3n para otros 57.<\/p>\n\n\n\n<p>En este sentido, mencion\u00f3 que la idea es que cada vez se vayan sumando efectivos a este programa, pues con los 114 antes se\u00f1alados estar\u00eda cerrando la primera etapa de este nuevo departamento de polic\u00eda.<\/p>\n\n\n\n<p>En cuanto a las caracter\u00edsticas de los polic\u00edas, el titular de la dependencia mencion\u00f3 ser\u00e1n los \u00fanicos que podr\u00e1n infraccionar y estar en los operativos para detectar a los veh\u00edculos que incumplan con la verificaci\u00f3n.<\/p>\n\n\n\n<p>\u201cSon 57 personas que ya fueron capacitadas y especializadas en la materia, el pr\u00f3ximo lunes empezaremos con otro porcentaje igual, en total tendremos m\u00e1s de cien elementos, la estrategia es incrementar este n\u00famero, para identificarlos cuentan con un chaleco verde, verde oscuro y que tiene la leyenda Proximidad y Seguridad en Caminos\u201d, dijo.<\/p>\n\n\n\n<p>Hay que recordar que la idea de la Polic\u00eda Ambiental fue una idea del gobernador Miguel Barbosa, cuando anunci\u00f3 el programa de verificaci\u00f3n seria obligatorio en primera instancia por el transporte p\u00fablico, pero a partir del 2023 ya se unieron los autom\u00f3viles particulares.<\/p>\n\n\n\n<p>La verificaci\u00f3n para todos es obligatoria, por lo que semestralmente, los automovilistas tendr\u00e1n que desembolsar 628 pesos, mientras que en caso de ser un auto h\u00edbrido la suma es de 210 pesos.<\/p>\n","protected":false},"excerpt":{"rendered":"<p>La Polic\u00eda Ambiental se distinguir\u00e1 por usar un chaleco color verde oscuro con la leyenda de Proximidad y Seguridad en Caminos; en la primera etapa habr\u00e1 114 elementos y se ir\u00e1n sumando m\u00e1s conforme transcurre el tiempo, as\u00ed lo dio a conocer el secretario de Seguridad P\u00fablica Daniel Cruz. Durante la \u2018ma\u00f1anera\u2019 del Gobierno del [&hellip;]<\/p>\n","protected":false},"author":4,"featured_media":19108,"comment_status":"open","ping_status":"open","sticky":false,"template":"","format":"standard","meta":{"om_disable_all_campaigns":false,"_monsterinsights_skip_tracking":false,"_monsterinsights_sitenote_active":false,"_monsterinsights_sitenote_note":"","_monsterinsights_sitenote_category":0,"footnotes":""},"categories":[175],"tags":[195,223],"class_list":["post-19105","post","type-post","status-publish","format-standard","has-post-thumbnail","hentry","category-local","tag-principal","tag-puebla"],"amp_enabled":true,"_links":{"self":[{"href":"https:\/\/lahora.mx\/index.php\/wp-json\/wp\/v2\/posts\/19105","targetHints":{"allow":["GET"]}}],"collection":[{"href":"https:\/\/lahora.mx\/index.php\/wp-json\/wp\/v2\/posts"}],"about":[{"href":"https:\/\/lahora.mx\/index.php\/wp-json\/wp\/v2\/types\/post"}],"author":[{"embeddable":true,"href":"https:\/\/lahora.mx\/index.php\/wp-json\/wp\/v2\/users\/4"}],"replies":[{"embeddable":true,"href":"https:\/\/lahora.mx\/index.php\/wp-json\/wp\/v2\/comments?post=19105"}],"version-history":[{"count":1,"href":"https:\/\/lahora.mx\/index.php\/wp-json\/wp\/v2\/posts\/19105\/revisions"}],"predecessor-version":[{"id":19109,"href":"https:\/\/lahora.mx\/index.php\/wp-json\/wp\/v2\/posts\/19105\/revisions\/19109"}],"wp:featuredmedia":[{"embeddable":true,"href":"https:\/\/lahora.mx\/index.php\/wp-json\/wp\/v2\/media\/19108"}],"wp:attachment":[{"href":"https:\/\/lahora.mx\/index.php\/wp-json\/wp\/v2\/media?parent=19105"}],"wp:term":[{"taxonomy":"category","embeddable":true,"href":"https:\/\/lahora.mx\/index.php\/wp-json\/wp\/v2\/categories?post=19105"},{"taxonomy":"post_tag","embeddable":true,"href":"https:\/\/lahora.mx\/index.php\/wp-json\/wp\/v2\/tags?post=19105"}],"curies":[{"name":"wp","href":"https:\/\/api.w.org\/{rel}","templated":true}]}}