{"id":19102,"date":"2023-01-05T14:42:07","date_gmt":"2023-01-05T14:42:07","guid":{"rendered":"http:\/\/lahora.mx\/?p=19102"},"modified":"2023-01-05T14:42:08","modified_gmt":"2023-01-05T14:42:08","slug":"es-abatido-el-neto-en-operativo-de-recuperacion-en-ciudad-juarez","status":"publish","type":"post","link":"https:\/\/lahora.mx\/index.php\/2023\/01\/05\/es-abatido-el-neto-en-operativo-de-recuperacion-en-ciudad-juarez\/","title":{"rendered":"Es abatido &#8216;El Neto&#8217;, en operativo de recuperaci\u00f3n en Ciudad Juarez"},"content":{"rendered":"\n<p>La Fiscal\u00eda del estado de Chihuahua confirm\u00f3 que en un operativo durante esta madrugada fue abatido a Ernesto Alberto Pi\u00f1\u00f3n de la Cruz, alias El Neto y l\u00edder de Los Mexicles, uno de los reos fugados del Cereso n\u00famero 3 de Ciudad Ju\u00e1rez el domingo 1 de enero.<\/p>\n\n\n\n<p>El operativo, ocurri\u00f3 entre las calles Toltecas y Tzetzales, en la colonia Aztecas, en Chihuaha.<\/p>\n\n\n\n<p>Despu\u00e9s de m\u00e1s de 48 horas de trabajo y luego de que el equipo multidisciplinario y de inteligencia de la Agencia Estatal de Investigaci\u00f3n arrojara resultados de ubicaci\u00f3n de varios de los evadidos, entre ellos El Neto, se procedi\u00f3 a intentar recapturarlo.<\/p>\n\n\n\n<p>El Neto intent\u00f3 escapar del lugar en un auto hasta impactarse en una gasolinera. En ese lugar dispar\u00f3 en contra de las fuerzas del orden, resultando herido de gravedad y falleciendo posteriormente cuando era trasladado a las instalaciones de la Fiscal\u00eda de Distrito Zona Norte.<\/p>\n\n\n\n<p>Durante el operativo fue asegurado un veh\u00edculo blindado BMW, 8 armas largas y 5 chalecos t\u00e1cticos, por parte de la agencia estatal de investigaci\u00f3n.<\/p>\n\n\n\n<p>\u201cEl Neto\u201d, es uno de los reos fugados del Cereso 3 de Ciudad Ju\u00e1rez tras un mot\u00edn en A\u00f1o Nuevo que dej\u00f3 un saldo de 17 personas muertos.<\/p>\n","protected":false},"excerpt":{"rendered":"<p>La Fiscal\u00eda del estado de Chihuahua confirm\u00f3 que en un operativo durante esta madrugada fue abatido a Ernesto Alberto Pi\u00f1\u00f3n de la Cruz, alias El Neto y l\u00edder de Los Mexicles, uno de los reos fugados del Cereso n\u00famero 3 de Ciudad Ju\u00e1rez el domingo 1 de enero. El operativo, ocurri\u00f3 entre las calles Toltecas [&hellip;]<\/p>\n","protected":false},"author":4,"featured_media":19103,"comment_status":"open","ping_status":"open","sticky":false,"template":"","format":"standard","meta":{"om_disable_all_campaigns":false,"_monsterinsights_skip_tracking":false,"_monsterinsights_sitenote_active":false,"_monsterinsights_sitenote_note":"","_monsterinsights_sitenote_category":0,"footnotes":""},"categories":[175],"tags":[223],"class_list":["post-19102","post","type-post","status-publish","format-standard","has-post-thumbnail","hentry","category-local","tag-puebla"],"amp_enabled":true,"_links":{"self":[{"href":"https:\/\/lahora.mx\/index.php\/wp-json\/wp\/v2\/posts\/19102","targetHints":{"allow":["GET"]}}],"collection":[{"href":"https:\/\/lahora.mx\/index.php\/wp-json\/wp\/v2\/posts"}],"about":[{"href":"https:\/\/lahora.mx\/index.php\/wp-json\/wp\/v2\/types\/post"}],"author":[{"embeddable":true,"href":"https:\/\/lahora.mx\/index.php\/wp-json\/wp\/v2\/users\/4"}],"replies":[{"embeddable":true,"href":"https:\/\/lahora.mx\/index.php\/wp-json\/wp\/v2\/comments?post=19102"}],"version-history":[{"count":1,"href":"https:\/\/lahora.mx\/index.php\/wp-json\/wp\/v2\/posts\/19102\/revisions"}],"predecessor-version":[{"id":19104,"href":"https:\/\/lahora.mx\/index.php\/wp-json\/wp\/v2\/posts\/19102\/revisions\/19104"}],"wp:featuredmedia":[{"embeddable":true,"href":"https:\/\/lahora.mx\/index.php\/wp-json\/wp\/v2\/media\/19103"}],"wp:attachment":[{"href":"https:\/\/lahora.mx\/index.php\/wp-json\/wp\/v2\/media?parent=19102"}],"wp:term":[{"taxonomy":"category","embeddable":true,"href":"https:\/\/lahora.mx\/index.php\/wp-json\/wp\/v2\/categories?post=19102"},{"taxonomy":"post_tag","embeddable":true,"href":"https:\/\/lahora.mx\/index.php\/wp-json\/wp\/v2\/tags?post=19102"}],"curies":[{"name":"wp","href":"https:\/\/api.w.org\/{rel}","templated":true}]}}