{"id":19094,"date":"2023-01-05T04:09:14","date_gmt":"2023-01-05T04:09:14","guid":{"rendered":"http:\/\/lahora.mx\/?p=19094"},"modified":"2023-01-05T04:13:49","modified_gmt":"2023-01-05T04:13:49","slug":"feria-de-la-rosca-2023-en-san-andres-cholula","status":"publish","type":"post","link":"https:\/\/lahora.mx\/index.php\/2023\/01\/05\/feria-de-la-rosca-2023-en-san-andres-cholula\/","title":{"rendered":"Feria de la Rosca 2023 en San Andr\u00e9s Cholula"},"content":{"rendered":"\n<p>Para impulsar a la industria panadera en San Andr\u00e9s Cholula, el Ayuntamiento present\u00f3 la Feria de la Rosca 2023, la cual se llevar\u00e1 a cabo del 5 al 8 de enero en la explanada de la presidencia auxiliar.<\/p>\n\n\n\n<p>Blanca Jim\u00e9nez Castillo, secretaria de Fomento Econ\u00f3mico, se\u00f1al\u00f3 que durante los cuatros d\u00edas en que se desarrollar\u00e1 se espera la visita de m\u00e1s de 10 mil personas, y una derrama econ\u00f3mica de 3 millones de pesos.<\/p>\n\n\n\n<p>\u201cCon acciones como estas, buscamos el fortalecimiento de dicho sector y que San Rafael Comac siga siendo la cuna de la elaboraci\u00f3n del producto artesanal\u201d, puntualiz\u00f3 Blanca Jim\u00e9nez Castillo.<\/p>\n\n\n\n<p>La secretaria inform\u00f3 que a partir del 6 de enero se tiene preparado un programa art\u00edstico-cultural para las y los visitantes, a fin de fomentar las tradiciones y reactivar el turismo y la econom\u00eda local.<\/p>\n\n\n\n<p>\u201cLa Feria de la Rosca genera progreso, econom\u00eda, y sobre todo, derrama econ\u00f3mica para todas las familias de San Rafael Comac\u201d, indic\u00f3.<\/p>\n\n\n\n<p>Cabe destacar que los precios de las roscas tradicionales oscilar\u00e1n entre los 100 y 450 pesos, mientras que las especiales, las cuales son rellenas de queso, zarzamora, crema, nuez y nutela, entre otros ingredientes, los costos van desde 250 hasta mil pesos.<\/p>\n\n\n\n<p>Al acto asistieron David Sol\u00eds Tolama, regidor presidente de la Comisi\u00f3n de Desarrollo Econ\u00f3mico, Industria, Comercio, Agricultura y Ganader\u00eda; Salvador Cuateco Mino, presidente auxiliar de San Rafael Comac; panaderos y panaderas.<\/p>\n","protected":false},"excerpt":{"rendered":"<p>Para impulsar a la industria panadera en San Andr\u00e9s Cholula, el Ayuntamiento present\u00f3 la Feria de la Rosca 2023, la cual se llevar\u00e1 a cabo del 5 al 8 de enero en la explanada de la presidencia auxiliar. Blanca Jim\u00e9nez Castillo, secretaria de Fomento Econ\u00f3mico, se\u00f1al\u00f3 que durante los cuatros d\u00edas en que se desarrollar\u00e1 [&hellip;]<\/p>\n","protected":false},"author":4,"featured_media":19097,"comment_status":"open","ping_status":"open","sticky":false,"template":"","format":"standard","meta":{"om_disable_all_campaigns":false,"_monsterinsights_skip_tracking":false,"_monsterinsights_sitenote_active":false,"_monsterinsights_sitenote_note":"","_monsterinsights_sitenote_category":0,"footnotes":""},"categories":[175],"tags":[195,223],"class_list":["post-19094","post","type-post","status-publish","format-standard","has-post-thumbnail","hentry","category-local","tag-principal","tag-puebla"],"amp_enabled":true,"_links":{"self":[{"href":"https:\/\/lahora.mx\/index.php\/wp-json\/wp\/v2\/posts\/19094","targetHints":{"allow":["GET"]}}],"collection":[{"href":"https:\/\/lahora.mx\/index.php\/wp-json\/wp\/v2\/posts"}],"about":[{"href":"https:\/\/lahora.mx\/index.php\/wp-json\/wp\/v2\/types\/post"}],"author":[{"embeddable":true,"href":"https:\/\/lahora.mx\/index.php\/wp-json\/wp\/v2\/users\/4"}],"replies":[{"embeddable":true,"href":"https:\/\/lahora.mx\/index.php\/wp-json\/wp\/v2\/comments?post=19094"}],"version-history":[{"count":1,"href":"https:\/\/lahora.mx\/index.php\/wp-json\/wp\/v2\/posts\/19094\/revisions"}],"predecessor-version":[{"id":19095,"href":"https:\/\/lahora.mx\/index.php\/wp-json\/wp\/v2\/posts\/19094\/revisions\/19095"}],"wp:featuredmedia":[{"embeddable":true,"href":"https:\/\/lahora.mx\/index.php\/wp-json\/wp\/v2\/media\/19097"}],"wp:attachment":[{"href":"https:\/\/lahora.mx\/index.php\/wp-json\/wp\/v2\/media?parent=19094"}],"wp:term":[{"taxonomy":"category","embeddable":true,"href":"https:\/\/lahora.mx\/index.php\/wp-json\/wp\/v2\/categories?post=19094"},{"taxonomy":"post_tag","embeddable":true,"href":"https:\/\/lahora.mx\/index.php\/wp-json\/wp\/v2\/tags?post=19094"}],"curies":[{"name":"wp","href":"https:\/\/api.w.org\/{rel}","templated":true}]}}