{"id":19085,"date":"2023-01-05T03:50:24","date_gmt":"2023-01-05T03:50:24","guid":{"rendered":"http:\/\/lahora.mx\/?p=19085"},"modified":"2023-01-05T03:50:24","modified_gmt":"2023-01-05T03:50:24","slug":"se-confirma-reactivacion-del-cobro-de-control-vehicular-en-puebla","status":"publish","type":"post","link":"https:\/\/lahora.mx\/index.php\/2023\/01\/05\/se-confirma-reactivacion-del-cobro-de-control-vehicular-en-puebla\/","title":{"rendered":"Se confirma reactivaci\u00f3n del cobro de control vehicular en Puebla"},"content":{"rendered":"\n<p>El Gobierno de Puebla confirm\u00f3 que ya se reactiv\u00f3 el cobro del control vehicular, el cual costar\u00e1 605 pesos y tendr\u00e1n que pagar los ciudadanos que cuenten con autom\u00f3vil o motocicleta con placas de circulaci\u00f3n del estado.<\/p>\n\n\n\n<p>Fue a trav\u00e9s de un comunicado, que la administraci\u00f3n inform\u00f3 lo anterior y detall\u00f3 que el pago del control vehicular tendr\u00e1 un costo de 605 pesos y podr\u00e1n cubrirse hasta el 31 de marzo. Esto es con el objetivo que los propietarios de veh\u00edculos obtengan la condonaci\u00f3n al 100 por ciento del Impuesto Sobre Tenencia.<\/p>\n\n\n\n<p>Los contribuyentes podr\u00e1n realizar el pago del control vehicular en los quioscos de servicio del Gobierno del Estado, en las oficinas recaudadoras y de orientaci\u00f3n, en las Unidades Integrales de Servicio y M\u00f3dulos de Atenci\u00f3n, as\u00ed como el pago en l\u00ednea o bien, ingresar al portal https:\/\/rl.puebla.gob.mx para imprimir la orden de cobro y acudir a las instituciones bancarias enlistadas en dicha direcci\u00f3n electr\u00f3nica.<br>Es importante precisar que, a partir del 1 de abril, quienes no hayan cumplido con este proceso, tendr\u00e1n que pagar el Impuesto Sobre Tenencia o Uso de Veh\u00edculos como lo marca la legislaci\u00f3n fiscal del estado, la cual contempla que aquellos veh\u00edculos nuevos y usados con una antig\u00fcedad de uno a nueve a\u00f1os deber\u00e1n pagar entre el 3 y el 19.1 por ciento del valor de la unidad.<\/p>\n\n\n\n<p>En el caso de las unidades usadas que cuenten con 10 o m\u00e1s a\u00f1os, pagar\u00e1n una cuota fija seg\u00fan el tipo de veh\u00edculo que puede ir desde los 200 pesos para motocicletas, mientras que los autom\u00f3viles de m\u00e1s de seis cilindros el costo puede ser hasta 700 pesos.<\/p>\n","protected":false},"excerpt":{"rendered":"<p>El Gobierno de Puebla confirm\u00f3 que ya se reactiv\u00f3 el cobro del control vehicular, el cual costar\u00e1 605 pesos y tendr\u00e1n que pagar los ciudadanos que cuenten con autom\u00f3vil o motocicleta con placas de circulaci\u00f3n del estado. Fue a trav\u00e9s de un comunicado, que la administraci\u00f3n inform\u00f3 lo anterior y detall\u00f3 que el pago del [&hellip;]<\/p>\n","protected":false},"author":4,"featured_media":19086,"comment_status":"open","ping_status":"open","sticky":false,"template":"","format":"standard","meta":{"om_disable_all_campaigns":false,"_monsterinsights_skip_tracking":false,"_monsterinsights_sitenote_active":false,"_monsterinsights_sitenote_note":"","_monsterinsights_sitenote_category":0,"footnotes":""},"categories":[175],"tags":[195,223],"class_list":["post-19085","post","type-post","status-publish","format-standard","has-post-thumbnail","hentry","category-local","tag-principal","tag-puebla"],"amp_enabled":true,"_links":{"self":[{"href":"https:\/\/lahora.mx\/index.php\/wp-json\/wp\/v2\/posts\/19085","targetHints":{"allow":["GET"]}}],"collection":[{"href":"https:\/\/lahora.mx\/index.php\/wp-json\/wp\/v2\/posts"}],"about":[{"href":"https:\/\/lahora.mx\/index.php\/wp-json\/wp\/v2\/types\/post"}],"author":[{"embeddable":true,"href":"https:\/\/lahora.mx\/index.php\/wp-json\/wp\/v2\/users\/4"}],"replies":[{"embeddable":true,"href":"https:\/\/lahora.mx\/index.php\/wp-json\/wp\/v2\/comments?post=19085"}],"version-history":[{"count":1,"href":"https:\/\/lahora.mx\/index.php\/wp-json\/wp\/v2\/posts\/19085\/revisions"}],"predecessor-version":[{"id":19087,"href":"https:\/\/lahora.mx\/index.php\/wp-json\/wp\/v2\/posts\/19085\/revisions\/19087"}],"wp:featuredmedia":[{"embeddable":true,"href":"https:\/\/lahora.mx\/index.php\/wp-json\/wp\/v2\/media\/19086"}],"wp:attachment":[{"href":"https:\/\/lahora.mx\/index.php\/wp-json\/wp\/v2\/media?parent=19085"}],"wp:term":[{"taxonomy":"category","embeddable":true,"href":"https:\/\/lahora.mx\/index.php\/wp-json\/wp\/v2\/categories?post=19085"},{"taxonomy":"post_tag","embeddable":true,"href":"https:\/\/lahora.mx\/index.php\/wp-json\/wp\/v2\/tags?post=19085"}],"curies":[{"name":"wp","href":"https:\/\/api.w.org\/{rel}","templated":true}]}}