{"id":19082,"date":"2023-01-05T03:42:14","date_gmt":"2023-01-05T03:42:14","guid":{"rendered":"http:\/\/lahora.mx\/?p=19082"},"modified":"2023-01-05T03:42:15","modified_gmt":"2023-01-05T03:42:15","slug":"la-universidad-ibero-lamenta-el-feminicidio-de-ocampo-martinez","status":"publish","type":"post","link":"https:\/\/lahora.mx\/index.php\/2023\/01\/05\/la-universidad-ibero-lamenta-el-feminicidio-de-ocampo-martinez\/","title":{"rendered":"La universidad Ibero lamenta el feminicidio de Ocampo Mart\u00ednez"},"content":{"rendered":"\n<p>La Universidad Iberoamericana, campus Puebla, lament\u00f3 el feminicidio de Mar\u00eda Eugenia Ocampo Mart\u00ednez, activista morelense reportada como desaparecida el 21 de diciembre de 2022.<\/p>\n\n\n\n<p>\u201cLamentamos la desaparici\u00f3n y el feminicidio de Mar\u00eda Eugenia Ocampo Mart\u00ednez, ex alumna de la Maestr\u00eda en Psicoterapia de esta casa de estudios, y nos solidarizamos con su familia en este doloroso momento\u201d, dio a conocer el Instituto de Derechos Humanos de la universidad en un post en Facebook.<\/p>\n\n\n\n<p>La instituci\u00f3n pidi\u00f3 a las fiscal\u00edas de Puebla y Tlaxcala investigar los hechos como feminicidio y con perspectiva de g\u00e9nero. Hasta el momento ninguna de las dos ha confirmado que se trate de ella.<br>Esta ma\u00f1ana el gobierno de Tlaxcala dio a conocer que encontr\u00f3 el cuerpo sin vida de una mujer cerca de la Malinche, en el municipio de Teolocholco; se dijo que se trata de la activista porque las prendas coinciden con lo que llevaba puesto el d\u00eda de su desaparici\u00f3n.<\/p>\n\n\n\n<p>El 29 de diciembre elementos de la Procuradur\u00eda de Justicia de Tlaxcala encontraron el veh\u00edculo en el que Mar\u00eda Eugenia viajaba antes de desaparecer. El cad\u00e1ver se encontraba maniatado y con los ojos vendados.<\/p>\n\n\n\n<p>El 21 de diciembre de 2022 en redes sociales comenz\u00f3 a circular la fotograf\u00eda de la activista originaria de Morelos: las fichas de b\u00fasqueda emitidas por la Comisi\u00f3n Nacional de B\u00fasqueda, familiares y amigos, indicaron que tiene un lunar en el antebrazo izquierdo y una cicatriz en el lado derecho del abdomen.<br>Ocampo Mart\u00ednez estudi\u00f3 en la Universidad de las Am\u00e9ricas de Puebla y realiz\u00f3 una maestr\u00eda en Psicoterapia y resid\u00eda en San Andr\u00e9s Cholula desde hace unos a\u00f1os donde ten\u00eda su propio consultorio, el \u00faltimo lugar de donde la vieron salir con vida para dirigirse a una reuni\u00f3n navide\u00f1a con su familia en Morelos.<\/p>\n\n\n\n<p>La Iberoamericana dijo que el Observatorio de Violencia Social y de G\u00e9nero del IDHIE ha documentado hemerogr\u00e1ficamente en los \u00faltimos ocho a\u00f1os, 608 probables feminicidios en Puebla de los cuales 54 sucedieron en el 2022.<\/p>\n\n\n\n<p>De acuerdo con el Registro Nacional de Personas Desaparecidas y No Localizadas (RNPDNO), durante el 2022 desaparecieron 181 mujeres en la entidad, de las cuales 118, es decir el 65%, siguen sin ser localizadas.<\/p>\n\n\n\n<p>En el comunicado publicado en sus redes sociales la tarde del mi\u00e9rcoles, se\u00f1ala que es necesario activar de manera eficaz el Protocolo Alba e implementar mecanismos de eficiencia en el Protocolo Homologado de B\u00fasqueda de mujeres desaparecidas tomando en consideraci\u00f3n las desigualdades de g\u00e9nero. Adem\u00e1s, fortalecer la coordinaci\u00f3n de acciones de b\u00fasqueda con la Comisi\u00f3n de B\u00fasqueda de Personas del Estado de Puebla.<\/p>\n\n\n\n<p>Exige tambi\u00e9n aumentar el n\u00famero de personal de la Fiscal\u00eda Especializada en Delitos de G\u00e9nero y de la Unidad Especializada en Feminicidios, e intensificar la capacitaci\u00f3n en el Protocolo Actualizado para la Investigaci\u00f3n del Delito de Feminicidio para el Estado de Puebla para identificar las razones de g\u00e9nero cada vez que suceda un homicidio violento contra las mujeres.<\/p>\n\n\n\n<p>Otra de las demandas es entablar mecanismos de di\u00e1logo y an\u00e1lisis constante entre el personal ministerial, pericial y de las unidades de an\u00e1lisis y de contexto para implementar medidas de seguimiento para el avance en las carpetas de investigaci\u00f3n de los feminicidios.<\/p>\n","protected":false},"excerpt":{"rendered":"<p>La Universidad Iberoamericana, campus Puebla, lament\u00f3 el feminicidio de Mar\u00eda Eugenia Ocampo Mart\u00ednez, activista morelense reportada como desaparecida el 21 de diciembre de 2022. \u201cLamentamos la desaparici\u00f3n y el feminicidio de Mar\u00eda Eugenia Ocampo Mart\u00ednez, ex alumna de la Maestr\u00eda en Psicoterapia de esta casa de estudios, y nos solidarizamos con su familia en este [&hellip;]<\/p>\n","protected":false},"author":4,"featured_media":19083,"comment_status":"open","ping_status":"open","sticky":false,"template":"","format":"standard","meta":{"om_disable_all_campaigns":false,"_monsterinsights_skip_tracking":false,"_monsterinsights_sitenote_active":false,"_monsterinsights_sitenote_note":"","_monsterinsights_sitenote_category":0,"footnotes":""},"categories":[175],"tags":[223],"class_list":["post-19082","post","type-post","status-publish","format-standard","has-post-thumbnail","hentry","category-local","tag-puebla"],"amp_enabled":true,"_links":{"self":[{"href":"https:\/\/lahora.mx\/index.php\/wp-json\/wp\/v2\/posts\/19082","targetHints":{"allow":["GET"]}}],"collection":[{"href":"https:\/\/lahora.mx\/index.php\/wp-json\/wp\/v2\/posts"}],"about":[{"href":"https:\/\/lahora.mx\/index.php\/wp-json\/wp\/v2\/types\/post"}],"author":[{"embeddable":true,"href":"https:\/\/lahora.mx\/index.php\/wp-json\/wp\/v2\/users\/4"}],"replies":[{"embeddable":true,"href":"https:\/\/lahora.mx\/index.php\/wp-json\/wp\/v2\/comments?post=19082"}],"version-history":[{"count":1,"href":"https:\/\/lahora.mx\/index.php\/wp-json\/wp\/v2\/posts\/19082\/revisions"}],"predecessor-version":[{"id":19084,"href":"https:\/\/lahora.mx\/index.php\/wp-json\/wp\/v2\/posts\/19082\/revisions\/19084"}],"wp:featuredmedia":[{"embeddable":true,"href":"https:\/\/lahora.mx\/index.php\/wp-json\/wp\/v2\/media\/19083"}],"wp:attachment":[{"href":"https:\/\/lahora.mx\/index.php\/wp-json\/wp\/v2\/media?parent=19082"}],"wp:term":[{"taxonomy":"category","embeddable":true,"href":"https:\/\/lahora.mx\/index.php\/wp-json\/wp\/v2\/categories?post=19082"},{"taxonomy":"post_tag","embeddable":true,"href":"https:\/\/lahora.mx\/index.php\/wp-json\/wp\/v2\/tags?post=19082"}],"curies":[{"name":"wp","href":"https:\/\/api.w.org\/{rel}","templated":true}]}}