{"id":19079,"date":"2023-01-05T00:13:24","date_gmt":"2023-01-05T00:13:24","guid":{"rendered":"http:\/\/lahora.mx\/?p=19079"},"modified":"2023-01-05T00:13:25","modified_gmt":"2023-01-05T00:13:25","slug":"incremento-del-12-al-presupuesto-educativo-para-tlaxcala","status":"publish","type":"post","link":"https:\/\/lahora.mx\/index.php\/2023\/01\/05\/incremento-del-12-al-presupuesto-educativo-para-tlaxcala\/","title":{"rendered":"Incremento del 12% al presupuesto educativo para Tlaxcala"},"content":{"rendered":"\n<p>El titular de la Secretar\u00eda de Educaci\u00f3n P\u00fablica del Estado (#SEPE) y director de la Unidad de Servicios Educativos de Tlaxcala (#USET), Homero Meneses Hern\u00e1ndez anunci\u00f3 que la gobernadora Lorena Cu\u00e9llar autoriz\u00f3 un incremento del 12% al presupuesto educativo, lo que permitir\u00e1 fortalecer los diferentes programas en beneficio de las ni\u00f1as, ni\u00f1os y adolescentes de la entidad.<br>Precis\u00f3 que estas acciones hablan del compromiso que tiene la mandataria estatal con el sector a trav\u00e9s de su Plan Estatal de Desarrollo (#PED) 2021\u20132027, siempre en busca de implementar estrategias entre la comunidad educativa que permitan mejorar el proceso de ense\u00f1anza\u2013aprendizaje de las y los alumnos.<br>Asimismo, Meneses Hern\u00e1ndez destac\u00f3 el Nuevo Modelo Educativo Tlaxcala (Numet), de car\u00e1cter organizacional, que apoyar\u00e1 el marco curricular y permitir\u00e1 a la comunidad educativa desarrollarse de mejor forma.<br>En t\u00e9rminos administrativos, mencion\u00f3 la necesidad de enfocarse a atender las instrucciones de la gobernadora para que se realice un trabajo conjunto, coordinado y responsable entre las diferentes figuras educativas.<br>Finalmente, el funcionario estatal inst\u00f3 a continuar con el trabajo comprometido que les caracteriza para cumplir en tiempo y forma con los planes y programas establecidos por la SEP federal en este ciclo escolar 2022\u20132023.<\/p>\n","protected":false},"excerpt":{"rendered":"<p>El titular de la Secretar\u00eda de Educaci\u00f3n P\u00fablica del Estado (#SEPE) y director de la Unidad de Servicios Educativos de Tlaxcala (#USET), Homero Meneses Hern\u00e1ndez anunci\u00f3 que la gobernadora Lorena Cu\u00e9llar autoriz\u00f3 un incremento del 12% al presupuesto educativo, lo que permitir\u00e1 fortalecer los diferentes programas en beneficio de las ni\u00f1as, ni\u00f1os y adolescentes de [&hellip;]<\/p>\n","protected":false},"author":4,"featured_media":19080,"comment_status":"open","ping_status":"open","sticky":false,"template":"","format":"standard","meta":{"om_disable_all_campaigns":false,"_monsterinsights_skip_tracking":false,"_monsterinsights_sitenote_active":false,"_monsterinsights_sitenote_note":"","_monsterinsights_sitenote_category":0,"footnotes":""},"categories":[175],"tags":[223,210],"class_list":["post-19079","post","type-post","status-publish","format-standard","has-post-thumbnail","hentry","category-local","tag-puebla","tag-tlaxcala"],"amp_enabled":true,"_links":{"self":[{"href":"https:\/\/lahora.mx\/index.php\/wp-json\/wp\/v2\/posts\/19079","targetHints":{"allow":["GET"]}}],"collection":[{"href":"https:\/\/lahora.mx\/index.php\/wp-json\/wp\/v2\/posts"}],"about":[{"href":"https:\/\/lahora.mx\/index.php\/wp-json\/wp\/v2\/types\/post"}],"author":[{"embeddable":true,"href":"https:\/\/lahora.mx\/index.php\/wp-json\/wp\/v2\/users\/4"}],"replies":[{"embeddable":true,"href":"https:\/\/lahora.mx\/index.php\/wp-json\/wp\/v2\/comments?post=19079"}],"version-history":[{"count":1,"href":"https:\/\/lahora.mx\/index.php\/wp-json\/wp\/v2\/posts\/19079\/revisions"}],"predecessor-version":[{"id":19081,"href":"https:\/\/lahora.mx\/index.php\/wp-json\/wp\/v2\/posts\/19079\/revisions\/19081"}],"wp:featuredmedia":[{"embeddable":true,"href":"https:\/\/lahora.mx\/index.php\/wp-json\/wp\/v2\/media\/19080"}],"wp:attachment":[{"href":"https:\/\/lahora.mx\/index.php\/wp-json\/wp\/v2\/media?parent=19079"}],"wp:term":[{"taxonomy":"category","embeddable":true,"href":"https:\/\/lahora.mx\/index.php\/wp-json\/wp\/v2\/categories?post=19079"},{"taxonomy":"post_tag","embeddable":true,"href":"https:\/\/lahora.mx\/index.php\/wp-json\/wp\/v2\/tags?post=19079"}],"curies":[{"name":"wp","href":"https:\/\/api.w.org\/{rel}","templated":true}]}}