{"id":19073,"date":"2023-01-04T23:35:48","date_gmt":"2023-01-04T23:35:48","guid":{"rendered":"http:\/\/lahora.mx\/?p=19073"},"modified":"2023-01-04T23:35:48","modified_gmt":"2023-01-04T23:35:48","slug":"dos-muertos-tras-explosion-de-polvorin-en-tepeyahualco-puebla-hay-dos-muertos","status":"publish","type":"post","link":"https:\/\/lahora.mx\/index.php\/2023\/01\/04\/dos-muertos-tras-explosion-de-polvorin-en-tepeyahualco-puebla-hay-dos-muertos\/","title":{"rendered":"Dos muertos tras explosi\u00f3n de polvor\u00edn en Tepeyahualco, Puebla; hay dos muertos"},"content":{"rendered":"\n<p>La explosi\u00f3n de un polvor\u00edn en el municipio de Tepeyahualco, Puebla cobr\u00f3 la vida de al menos dos personas, entre ellas un menor de edad; el hecho que dej\u00f3 a otras personas heridas gener\u00f3 la movilizaci\u00f3n de diversos cuerpos de auxilio que buscan a sobrevivientes.<\/p>\n\n\n\n<p>La tarde de hoy 4 de enero un fuerte estruendo alert\u00f3 a vecinos de la junta auxiliar de Techachalco. Al ignorar qu\u00e9 es lo que suced\u00eda, varios colonos salieron a ver de qu\u00e9 se trataba por lo que notaron que un polvor\u00edn hab\u00eda explotado en un taller de pirotecnia.<br>Vecinos dieron aviso al n\u00famero de emergencias 911 por lo que param\u00e9dicos, bomberos, polic\u00edas, personal del Ej\u00e9rcito Mexicano y de Protecci\u00f3n Civil se trasladaron al lugar.<\/p>\n\n\n\n<p>En el punto hallaron un cuarto derrumbado y entre los escombros a dos personas muertas, entre ellas a un menor de edad, adem\u00e1s de otras m\u00e1s heridas las cuales fueron atendidas y llevadas a un hospital.<\/p>\n\n\n\n<p>Mientras personal del Ej\u00e9rcito Mexicano resguardo el \u00e1rea, autoridades ministeriales que tambi\u00e9n llegaron al sitio encabezaron las diligencias del levantamiento de cad\u00e1ver.<\/p>\n\n\n\n<p>En tanto cuerpos de auxilio continuaron con la b\u00fasqueda de m\u00e1s sobrevivientes; tambi\u00e9n se iniciaron las indagatorias correspondientes para saber si el lugar contaba o no con el permiso de la Secretar\u00eda de la Defensa Nacional (SEDENA).<\/p>\n\n\n\n<p>Se espera que m\u00e1s adelante alguna autoridad informe el saldo final de la explosi\u00f3n del polvor\u00edn en Tepeyahualco, Puebla<\/p>\n","protected":false},"excerpt":{"rendered":"<p>La explosi\u00f3n de un polvor\u00edn en el municipio de Tepeyahualco, Puebla cobr\u00f3 la vida de al menos dos personas, entre ellas un menor de edad; el hecho que dej\u00f3 a otras personas heridas gener\u00f3 la movilizaci\u00f3n de diversos cuerpos de auxilio que buscan a sobrevivientes. La tarde de hoy 4 de enero un fuerte estruendo [&hellip;]<\/p>\n","protected":false},"author":4,"featured_media":19074,"comment_status":"open","ping_status":"open","sticky":false,"template":"","format":"standard","meta":{"om_disable_all_campaigns":false,"_monsterinsights_skip_tracking":false,"_monsterinsights_sitenote_active":false,"_monsterinsights_sitenote_note":"","_monsterinsights_sitenote_category":0,"footnotes":""},"categories":[175],"tags":[223],"class_list":["post-19073","post","type-post","status-publish","format-standard","has-post-thumbnail","hentry","category-local","tag-puebla"],"amp_enabled":true,"_links":{"self":[{"href":"https:\/\/lahora.mx\/index.php\/wp-json\/wp\/v2\/posts\/19073","targetHints":{"allow":["GET"]}}],"collection":[{"href":"https:\/\/lahora.mx\/index.php\/wp-json\/wp\/v2\/posts"}],"about":[{"href":"https:\/\/lahora.mx\/index.php\/wp-json\/wp\/v2\/types\/post"}],"author":[{"embeddable":true,"href":"https:\/\/lahora.mx\/index.php\/wp-json\/wp\/v2\/users\/4"}],"replies":[{"embeddable":true,"href":"https:\/\/lahora.mx\/index.php\/wp-json\/wp\/v2\/comments?post=19073"}],"version-history":[{"count":1,"href":"https:\/\/lahora.mx\/index.php\/wp-json\/wp\/v2\/posts\/19073\/revisions"}],"predecessor-version":[{"id":19075,"href":"https:\/\/lahora.mx\/index.php\/wp-json\/wp\/v2\/posts\/19073\/revisions\/19075"}],"wp:featuredmedia":[{"embeddable":true,"href":"https:\/\/lahora.mx\/index.php\/wp-json\/wp\/v2\/media\/19074"}],"wp:attachment":[{"href":"https:\/\/lahora.mx\/index.php\/wp-json\/wp\/v2\/media?parent=19073"}],"wp:term":[{"taxonomy":"category","embeddable":true,"href":"https:\/\/lahora.mx\/index.php\/wp-json\/wp\/v2\/categories?post=19073"},{"taxonomy":"post_tag","embeddable":true,"href":"https:\/\/lahora.mx\/index.php\/wp-json\/wp\/v2\/tags?post=19073"}],"curies":[{"name":"wp","href":"https:\/\/api.w.org\/{rel}","templated":true}]}}