{"id":19065,"date":"2023-01-04T22:36:33","date_gmt":"2023-01-04T22:36:33","guid":{"rendered":"http:\/\/lahora.mx\/?p=19065"},"modified":"2023-01-04T22:36:33","modified_gmt":"2023-01-04T22:36:33","slug":"en-puebla-la-ley-se-aplica-sin-distingos-e-inicia-con-los-funcionarios-publicos-sergio-salomon","status":"publish","type":"post","link":"https:\/\/lahora.mx\/index.php\/2023\/01\/04\/en-puebla-la-ley-se-aplica-sin-distingos-e-inicia-con-los-funcionarios-publicos-sergio-salomon\/","title":{"rendered":"En Puebla la ley se aplica sin distingos e inicia con los funcionarios p\u00fablicos: Sergio Salom\u00f3n"},"content":{"rendered":"\n<p>En Puebla la ley se aplica sin distingos y empieza por los funcionarios p\u00fablicos de todos los niveles, sentenci\u00f3 el gobernador Sergio Salom\u00f3n C\u00e9spedes Peregrina, al encabezar una reuni\u00f3n con presidentes municipales y mandos policiales de las regiones de Chignahuapan y Huauchinango.<\/p>\n\n\n\n<p>En este encuentro, en el que estuvo acompa\u00f1ado por los secretarios de Gobernaci\u00f3n, Julio Huerta G\u00f3mez y Seguridad P\u00fablica, Daniel Iv\u00e1n Cruz Luna, el mandatario destac\u00f3 el papel que juegan las polic\u00edas municipales para mantener la paz, estabilidad y gobernabilidad en sus demarcaciones, de ah\u00ed que advirti\u00f3 que no deben de tener ning\u00fan tipo de contacto con la delincuencia.<\/p>\n\n\n\n<figure class=\"wp-block-image size-full\"><img fetchpriority=\"high\" decoding=\"async\" width=\"697\" height=\"417\" src=\"https:\/\/lahora.mx\/wp-content\/uploads\/2023\/01\/Captura-de-pantalla-2023-01-04-a-las-16.37.45.png\" alt=\"\" class=\"wp-image-19067\" srcset=\"https:\/\/lahora.mx\/wp-content\/uploads\/2023\/01\/Captura-de-pantalla-2023-01-04-a-las-16.37.45.png 697w, https:\/\/lahora.mx\/wp-content\/uploads\/2023\/01\/Captura-de-pantalla-2023-01-04-a-las-16.37.45-300x179.png 300w, https:\/\/lahora.mx\/wp-content\/uploads\/2023\/01\/Captura-de-pantalla-2023-01-04-a-las-16.37.45-590x354.png 590w, https:\/\/lahora.mx\/wp-content\/uploads\/2023\/01\/Captura-de-pantalla-2023-01-04-a-las-16.37.45-400x240.png 400w\" sizes=\"(max-width: 697px) 100vw, 697px\" \/><\/figure>\n\n\n\n<p>Afirm\u00f3 que estas corporaciones policiales cuentan con el respaldo de los gobiernos estatal y municipales para seguir ejerciendo su trabajo en beneficio de la sociedad, y pidi\u00f3 a los alcaldes generar las herramientas necesarias para mejorar las condiciones de los uniformados, ya que ellos son los primeros respondientes ante alg\u00fan incidente.<\/p>\n\n\n\n<p>Refiri\u00f3 que, as\u00ed como las autoridades de los tres \u00f3rdenes de gobierno, las polic\u00edas municipales, estatales y federales enfrentan el reto de ganarse la confianza y respeto de la sociedad y ello solo ser\u00e1 posible con acciones de proximidad y cercan\u00eda con los ciudadanos, expuso.<\/p>\n\n\n\n<p>C\u00e9spedes Peregrina reiter\u00f3 que la seguridad es una prioridad para el Gobierno del Estado y dijo que tambi\u00e9n debe serlo para los ayuntamientos. En ese sentido, llam\u00f3 a las y los alcaldes a reasignar recursos a esta materia, la cual debe estar por encima de la obra p\u00fablica.<\/p>\n\n\n\n<p>UNA PRIORIDAD PARA EL GOBIERNO ESTATAL CONTAR CON POLIC\u00cdAS CERTIFICADOS: SEGOB<\/p>\n\n\n\n<p>Por su parte, el secretario de Gobernaci\u00f3n, Julio Huerta G\u00f3mez destac\u00f3 la importancia de que los elementos de seguridad est\u00e9n acreditados, de tal suerte que refiri\u00f3 que el Consejo Estatal de Coordinaci\u00f3n del Sistema Nacional de Seguridad P\u00fablica (CECSNSP) agilizar\u00e1 la aplicaci\u00f3n de ex\u00e1menes de control y confianza, as\u00ed como la entrega de resultados.<\/p>\n\n\n\n<p>Subray\u00f3 que para el gobernador Sergio Salom\u00f3n es una prioridad contar con polic\u00edas certificados, mediante los instrumentos y herramientas con los que cuentan las autoridades estatales.<\/p>\n\n\n\n<p>REITERA SSP TRABAJO CONJUNTO CON LOS AYUNTAMIENTOS<\/p>\n\n\n\n<p>A su vez, el secretario de Seguridad P\u00fablica, Daniel Iv\u00e1n Cruz Luna se\u00f1al\u00f3 que, durante los primeros d\u00edas de 2023, la dependencia y dicho Consejo Estatal trabajar\u00e1n en resolver las principales necesidades en materia de seguridad de los municipios.<\/p>\n\n\n\n<p>Explic\u00f3 que a finales del a\u00f1o pasado se solicit\u00f3 a los ayuntamientos que dieran a conocer las principales necesidades y de esta forma dise\u00f1ar una planeaci\u00f3n estrat\u00e9gica para atenderlas este a\u00f1o.<\/p>\n\n\n\n<p>Asimismo, reiter\u00f3 la disposici\u00f3n de la Secretar\u00eda de Seguridad P\u00fablica con las y los alcaldes para seguir trabajando de manera conjunta en el dise\u00f1o de mejores esquemas para el combate a la delincuencia.<\/p>\n","protected":false},"excerpt":{"rendered":"<p>En Puebla la ley se aplica sin distingos y empieza por los funcionarios p\u00fablicos de todos los niveles, sentenci\u00f3 el gobernador Sergio Salom\u00f3n C\u00e9spedes Peregrina, al encabezar una reuni\u00f3n con presidentes municipales y mandos policiales de las regiones de Chignahuapan y Huauchinango. En este encuentro, en el que estuvo acompa\u00f1ado por los secretarios de Gobernaci\u00f3n, [&hellip;]<\/p>\n","protected":false},"author":4,"featured_media":19066,"comment_status":"open","ping_status":"open","sticky":false,"template":"","format":"standard","meta":{"om_disable_all_campaigns":false,"_monsterinsights_skip_tracking":false,"_monsterinsights_sitenote_active":false,"_monsterinsights_sitenote_note":"","_monsterinsights_sitenote_category":0,"footnotes":""},"categories":[175],"tags":[223],"class_list":["post-19065","post","type-post","status-publish","format-standard","has-post-thumbnail","hentry","category-local","tag-puebla"],"amp_enabled":true,"_links":{"self":[{"href":"https:\/\/lahora.mx\/index.php\/wp-json\/wp\/v2\/posts\/19065","targetHints":{"allow":["GET"]}}],"collection":[{"href":"https:\/\/lahora.mx\/index.php\/wp-json\/wp\/v2\/posts"}],"about":[{"href":"https:\/\/lahora.mx\/index.php\/wp-json\/wp\/v2\/types\/post"}],"author":[{"embeddable":true,"href":"https:\/\/lahora.mx\/index.php\/wp-json\/wp\/v2\/users\/4"}],"replies":[{"embeddable":true,"href":"https:\/\/lahora.mx\/index.php\/wp-json\/wp\/v2\/comments?post=19065"}],"version-history":[{"count":1,"href":"https:\/\/lahora.mx\/index.php\/wp-json\/wp\/v2\/posts\/19065\/revisions"}],"predecessor-version":[{"id":19068,"href":"https:\/\/lahora.mx\/index.php\/wp-json\/wp\/v2\/posts\/19065\/revisions\/19068"}],"wp:featuredmedia":[{"embeddable":true,"href":"https:\/\/lahora.mx\/index.php\/wp-json\/wp\/v2\/media\/19066"}],"wp:attachment":[{"href":"https:\/\/lahora.mx\/index.php\/wp-json\/wp\/v2\/media?parent=19065"}],"wp:term":[{"taxonomy":"category","embeddable":true,"href":"https:\/\/lahora.mx\/index.php\/wp-json\/wp\/v2\/categories?post=19065"},{"taxonomy":"post_tag","embeddable":true,"href":"https:\/\/lahora.mx\/index.php\/wp-json\/wp\/v2\/tags?post=19065"}],"curies":[{"name":"wp","href":"https:\/\/api.w.org\/{rel}","templated":true}]}}