{"id":19062,"date":"2023-01-04T22:27:57","date_gmt":"2023-01-04T22:27:57","guid":{"rendered":"http:\/\/lahora.mx\/?p=19062"},"modified":"2023-01-04T22:27:58","modified_gmt":"2023-01-04T22:27:58","slug":"portaran-camaras-corporales-los-policias-que-vigilaran-verificacion-vehicular","status":"publish","type":"post","link":"https:\/\/lahora.mx\/index.php\/2023\/01\/04\/portaran-camaras-corporales-los-policias-que-vigilaran-verificacion-vehicular\/","title":{"rendered":"Portar\u00e1n c\u00e1maras corporales los polic\u00edas que vigilar\u00e1n verificaci\u00f3n vehicular"},"content":{"rendered":"\n<p>Los polic\u00edas estatales encargados de vigilar el cumplimiento de la verificaci\u00f3n vehicular en Puebla, tendr\u00e1n c\u00e1maras conectadas directamente al C5 de la Secretar\u00eda de Seguridad P\u00fablica (SSP) del estado, con el objetivo de evitar irregularidades, inform\u00f3 el titular de la dependencia, Iv\u00e1n Cruz Luna.<\/p>\n\n\n\n<p>Confirm\u00f3 que, hasta el momento, hay 57 uniformados capacitados para participar en los operativos, aunque en la siguiente semana un n\u00famero similar comenzar\u00e1 su preparaci\u00f3n para sumarse a las revisiones.<\/p>\n\n\n\n<p>Agreg\u00f3 que a lo largo del a\u00f1o se integrar\u00e1n m\u00e1s oficiales que estar\u00e1n a cargo de vigilar el cumplimiento del Programa de Verificaci\u00f3n Vehicular.<\/p>\n\n\n\n<p>Cruz Luna explic\u00f3 que los polic\u00edas portar\u00e1n un chaleco verde oscuro con la leyenda \u201cSeguridad y Proximidad en Caminos\u201d. Adem\u00e1s, cargar\u00e1n con c\u00e1maras corporales que trasmitir\u00e1n en directo al C5.<\/p>\n\n\n\n<p>Indic\u00f3 que, a trav\u00e9s de ellas, los mandos podr\u00e1n escuchar y ver todo lo que ocurra durante los operativos de inspecci\u00f3n.<\/p>\n\n\n\n<p>A partir del 1 de enero de este a\u00f1o, la verificaci\u00f3n vehicular es obligatoria para todos los automotores particulares del estado de Puebla, mientras que las unidades del transporte p\u00fablico tuvieron que haber cumplido con el requisito en las \u00faltimas 10 semanas de 2022.<\/p>\n\n\n\n<p>La Secretar\u00eda de Movilidad y Transporte (SMT) anunci\u00f3 que, a partir de la segunda quincena de enero, comenzar\u00e1 con el retiro de los colectivos que contaminen, aunque desde este momento, los concesionarios ya pueden ser multados por no haber verificado.<\/p>\n","protected":false},"excerpt":{"rendered":"<p>Los polic\u00edas estatales encargados de vigilar el cumplimiento de la verificaci\u00f3n vehicular en Puebla, tendr\u00e1n c\u00e1maras conectadas directamente al C5 de la Secretar\u00eda de Seguridad P\u00fablica (SSP) del estado, con el objetivo de evitar irregularidades, inform\u00f3 el titular de la dependencia, Iv\u00e1n Cruz Luna. Confirm\u00f3 que, hasta el momento, hay 57 uniformados capacitados para participar [&hellip;]<\/p>\n","protected":false},"author":4,"featured_media":19063,"comment_status":"open","ping_status":"open","sticky":false,"template":"","format":"standard","meta":{"om_disable_all_campaigns":false,"_monsterinsights_skip_tracking":false,"_monsterinsights_sitenote_active":false,"_monsterinsights_sitenote_note":"","_monsterinsights_sitenote_category":0,"footnotes":""},"categories":[175],"tags":[223],"class_list":["post-19062","post","type-post","status-publish","format-standard","has-post-thumbnail","hentry","category-local","tag-puebla"],"amp_enabled":true,"_links":{"self":[{"href":"https:\/\/lahora.mx\/index.php\/wp-json\/wp\/v2\/posts\/19062","targetHints":{"allow":["GET"]}}],"collection":[{"href":"https:\/\/lahora.mx\/index.php\/wp-json\/wp\/v2\/posts"}],"about":[{"href":"https:\/\/lahora.mx\/index.php\/wp-json\/wp\/v2\/types\/post"}],"author":[{"embeddable":true,"href":"https:\/\/lahora.mx\/index.php\/wp-json\/wp\/v2\/users\/4"}],"replies":[{"embeddable":true,"href":"https:\/\/lahora.mx\/index.php\/wp-json\/wp\/v2\/comments?post=19062"}],"version-history":[{"count":1,"href":"https:\/\/lahora.mx\/index.php\/wp-json\/wp\/v2\/posts\/19062\/revisions"}],"predecessor-version":[{"id":19064,"href":"https:\/\/lahora.mx\/index.php\/wp-json\/wp\/v2\/posts\/19062\/revisions\/19064"}],"wp:featuredmedia":[{"embeddable":true,"href":"https:\/\/lahora.mx\/index.php\/wp-json\/wp\/v2\/media\/19063"}],"wp:attachment":[{"href":"https:\/\/lahora.mx\/index.php\/wp-json\/wp\/v2\/media?parent=19062"}],"wp:term":[{"taxonomy":"category","embeddable":true,"href":"https:\/\/lahora.mx\/index.php\/wp-json\/wp\/v2\/categories?post=19062"},{"taxonomy":"post_tag","embeddable":true,"href":"https:\/\/lahora.mx\/index.php\/wp-json\/wp\/v2\/tags?post=19062"}],"curies":[{"name":"wp","href":"https:\/\/api.w.org\/{rel}","templated":true}]}}