{"id":19059,"date":"2023-01-04T22:25:24","date_gmt":"2023-01-04T22:25:24","guid":{"rendered":"http:\/\/lahora.mx\/?p=19059"},"modified":"2023-01-04T22:25:25","modified_gmt":"2023-01-04T22:25:25","slug":"no-toleraran-errores-en-policias-municipales-ssc-puebla","status":"publish","type":"post","link":"https:\/\/lahora.mx\/index.php\/2023\/01\/04\/no-toleraran-errores-en-policias-municipales-ssc-puebla\/","title":{"rendered":"No toleraran errores en polic\u00edas municipales: SSC Puebla"},"content":{"rendered":"\n<p>Lo anterior despu\u00e9s de que el pasado 24 de diciembre cuatro polic\u00edas fueron acusados de matar a un hombre con antecedentes penales en el Puente de M\u00e9xico, en la colonia Reforma Sur, y fueran vinculados a proceso y un juez de control les dictara prisi\u00f3n preventiva oficiosa como medida cautelar.<br>En entrevista, la encargada de la seguridad en el municipio refiri\u00f3 que toda la corporaci\u00f3n est\u00e1 capacitada desde el inicio de su formaci\u00f3n, as\u00ed como en la permanencia, por ello es que constantemente est\u00e1n trabajando con cada uno de los elementos.<\/p>\n\n\n\n<p>\u201cLa capacitaci\u00f3n va desde lo m\u00e1s b\u00e1sico hasta protocolos con el estado y en el tema de derechos humanos hemos tra\u00eddo cursos. Ahorita es reforzar y nunca se han dejado de capacitar e invertir para cada uno, en todos los niveles desde operativo, t\u00e1ctico, reacci\u00f3n, prevenci\u00f3n y proximidad\u201d, asegur\u00f3.<br>Cruz Galindo indic\u00f3 que cuando hay una capacitaci\u00f3n o una certificaci\u00f3n se realiza una evaluaci\u00f3n que se va formando a trav\u00e9s de un expediente personal, el cual servir\u00e1 para tener un antecedente de cada uno de los elementos de la SSC.<\/p>\n","protected":false},"excerpt":{"rendered":"<p>Lo anterior despu\u00e9s de que el pasado 24 de diciembre cuatro polic\u00edas fueron acusados de matar a un hombre con antecedentes penales en el Puente de M\u00e9xico, en la colonia Reforma Sur, y fueran vinculados a proceso y un juez de control les dictara prisi\u00f3n preventiva oficiosa como medida cautelar.En entrevista, la encargada de la [&hellip;]<\/p>\n","protected":false},"author":4,"featured_media":19060,"comment_status":"open","ping_status":"open","sticky":false,"template":"","format":"standard","meta":{"om_disable_all_campaigns":false,"_monsterinsights_skip_tracking":false,"_monsterinsights_sitenote_active":false,"_monsterinsights_sitenote_note":"","_monsterinsights_sitenote_category":0,"footnotes":""},"categories":[175],"tags":[223],"class_list":["post-19059","post","type-post","status-publish","format-standard","has-post-thumbnail","hentry","category-local","tag-puebla"],"amp_enabled":true,"_links":{"self":[{"href":"https:\/\/lahora.mx\/index.php\/wp-json\/wp\/v2\/posts\/19059","targetHints":{"allow":["GET"]}}],"collection":[{"href":"https:\/\/lahora.mx\/index.php\/wp-json\/wp\/v2\/posts"}],"about":[{"href":"https:\/\/lahora.mx\/index.php\/wp-json\/wp\/v2\/types\/post"}],"author":[{"embeddable":true,"href":"https:\/\/lahora.mx\/index.php\/wp-json\/wp\/v2\/users\/4"}],"replies":[{"embeddable":true,"href":"https:\/\/lahora.mx\/index.php\/wp-json\/wp\/v2\/comments?post=19059"}],"version-history":[{"count":1,"href":"https:\/\/lahora.mx\/index.php\/wp-json\/wp\/v2\/posts\/19059\/revisions"}],"predecessor-version":[{"id":19061,"href":"https:\/\/lahora.mx\/index.php\/wp-json\/wp\/v2\/posts\/19059\/revisions\/19061"}],"wp:featuredmedia":[{"embeddable":true,"href":"https:\/\/lahora.mx\/index.php\/wp-json\/wp\/v2\/media\/19060"}],"wp:attachment":[{"href":"https:\/\/lahora.mx\/index.php\/wp-json\/wp\/v2\/media?parent=19059"}],"wp:term":[{"taxonomy":"category","embeddable":true,"href":"https:\/\/lahora.mx\/index.php\/wp-json\/wp\/v2\/categories?post=19059"},{"taxonomy":"post_tag","embeddable":true,"href":"https:\/\/lahora.mx\/index.php\/wp-json\/wp\/v2\/tags?post=19059"}],"curies":[{"name":"wp","href":"https:\/\/api.w.org\/{rel}","templated":true}]}}