{"id":19055,"date":"2023-01-04T18:39:36","date_gmt":"2023-01-04T18:39:36","guid":{"rendered":"http:\/\/lahora.mx\/?p=19055"},"modified":"2023-01-04T18:39:37","modified_gmt":"2023-01-04T18:39:37","slug":"cierres-viales-en-el-centro-de-la-ciudad-de-huamantla-por-dia-de-reyes","status":"publish","type":"post","link":"https:\/\/lahora.mx\/index.php\/2023\/01\/04\/cierres-viales-en-el-centro-de-la-ciudad-de-huamantla-por-dia-de-reyes\/","title":{"rendered":"Cierres viales en el centro de la ciudad de Huamantla por d\u00eda de reyes"},"content":{"rendered":"\n<p>A partir del mi\u00e9rcoles 4 de enero y hasta la madrugada del 6 de enero permanecer\u00e1 cerrado el primer cuadro de la ciudad.<\/p>\n\n\n\n<p>La Direcci\u00f3n de Seguridad P\u00fablica, Tr\u00e1nsito y Protecci\u00f3n Civil de Huamantla, informa que con motivo del D\u00eda de Reyes que se celebrar\u00e1 este viernes 6 de enero, habr\u00e1 cierres viales en el primer cuadro de la ciudad.<\/p>\n\n\n\n<p>En ese sentido, la autoridad municipal se\u00f1ala que ser\u00e1 desde las 9 de la ma\u00f1ana del 4 de enero, que se cerrar\u00e1 la calle Ju\u00e1rez entre Zaragoza y Morelos, as\u00ed como la Hidaldo frente a la parroquia, y la circunferencia del Parque Ju\u00e1rez; esto por la instalaci\u00f3n de comerciantes de temporada.<\/p>\n\n\n\n<p>Finalmente, la Direcci\u00f3n de Seguridad P\u00fablica municipal, hace un llamado a los conductores y ciudadan\u00eda tomen sus precauciones al manejar estos d\u00edas por el primer cuadro de la ciudad, y sigan las instrucciones de los elementos de tr\u00e1nsito vial para agilizar la circulaci\u00f3n.<\/p>\n","protected":false},"excerpt":{"rendered":"<p>A partir del mi\u00e9rcoles 4 de enero y hasta la madrugada del 6 de enero permanecer\u00e1 cerrado el primer cuadro de la ciudad. La Direcci\u00f3n de Seguridad P\u00fablica, Tr\u00e1nsito y Protecci\u00f3n Civil de Huamantla, informa que con motivo del D\u00eda de Reyes que se celebrar\u00e1 este viernes 6 de enero, habr\u00e1 cierres viales en el [&hellip;]<\/p>\n","protected":false},"author":4,"featured_media":19056,"comment_status":"open","ping_status":"open","sticky":false,"template":"","format":"standard","meta":{"om_disable_all_campaigns":false,"_monsterinsights_skip_tracking":false,"_monsterinsights_sitenote_active":false,"_monsterinsights_sitenote_note":"","_monsterinsights_sitenote_category":0,"footnotes":""},"categories":[175],"tags":[223,210],"class_list":["post-19055","post","type-post","status-publish","format-standard","has-post-thumbnail","hentry","category-local","tag-puebla","tag-tlaxcala"],"amp_enabled":true,"_links":{"self":[{"href":"https:\/\/lahora.mx\/index.php\/wp-json\/wp\/v2\/posts\/19055","targetHints":{"allow":["GET"]}}],"collection":[{"href":"https:\/\/lahora.mx\/index.php\/wp-json\/wp\/v2\/posts"}],"about":[{"href":"https:\/\/lahora.mx\/index.php\/wp-json\/wp\/v2\/types\/post"}],"author":[{"embeddable":true,"href":"https:\/\/lahora.mx\/index.php\/wp-json\/wp\/v2\/users\/4"}],"replies":[{"embeddable":true,"href":"https:\/\/lahora.mx\/index.php\/wp-json\/wp\/v2\/comments?post=19055"}],"version-history":[{"count":1,"href":"https:\/\/lahora.mx\/index.php\/wp-json\/wp\/v2\/posts\/19055\/revisions"}],"predecessor-version":[{"id":19057,"href":"https:\/\/lahora.mx\/index.php\/wp-json\/wp\/v2\/posts\/19055\/revisions\/19057"}],"wp:featuredmedia":[{"embeddable":true,"href":"https:\/\/lahora.mx\/index.php\/wp-json\/wp\/v2\/media\/19056"}],"wp:attachment":[{"href":"https:\/\/lahora.mx\/index.php\/wp-json\/wp\/v2\/media?parent=19055"}],"wp:term":[{"taxonomy":"category","embeddable":true,"href":"https:\/\/lahora.mx\/index.php\/wp-json\/wp\/v2\/categories?post=19055"},{"taxonomy":"post_tag","embeddable":true,"href":"https:\/\/lahora.mx\/index.php\/wp-json\/wp\/v2\/tags?post=19055"}],"curies":[{"name":"wp","href":"https:\/\/api.w.org\/{rel}","templated":true}]}}