{"id":19052,"date":"2023-01-04T18:37:10","date_gmt":"2023-01-04T18:37:10","guid":{"rendered":"http:\/\/lahora.mx\/?p=19052"},"modified":"2023-01-04T18:37:11","modified_gmt":"2023-01-04T18:37:11","slug":"excolaborador-de-lozoya-al-que-ofrecio-como-testigo-se-blinda-contra-cualquier-detencion","status":"publish","type":"post","link":"https:\/\/lahora.mx\/index.php\/2023\/01\/04\/excolaborador-de-lozoya-al-que-ofrecio-como-testigo-se-blinda-contra-cualquier-detencion\/","title":{"rendered":"Excolaborador de Lozoya al que ofreci\u00f3 como testigo se blinda contra cualquier detenci\u00f3n"},"content":{"rendered":"\n<p>Por el momento, Francisco Olascoaga Rodr\u00edguez, excolaborador de Emilio Lozoya Austin, no podr\u00e1 ser detenido por delitos que no ameriten prisi\u00f3n preventiva oficiosa porque un juez con residencia en el Estado de M\u00e9xico le concedi\u00f3 una suspensi\u00f3n definitiva en el amparo, que tramit\u00f3 para protegerse de cualquier orden de captura en su contra y su ejecuci\u00f3n.<\/p>\n\n\n\n<p>El titular del Juzgado Tercero de Distrito en Materias de Amparo y Juicios Federales determin\u00f3 conceder la suspensi\u00f3n definitiva al quejoso contra actos de la Fiscal\u00eda General de la Rep\u00fablica (FGR) y de la Secretar\u00eda de Seguridad y Protecci\u00f3n Ciudadana (SSPC).<\/p>\n\n\n\n<p>En diciembre pasado, el juzgador le otorg\u00f3 la suspensi\u00f3n provisional al exjefe del Departamento Administrativo en la Direcci\u00f3n General de Pemex y le impuso el pago de una garant\u00eda de 15 mil pesos para que la medida cautelar siguiera vigente.<\/p>\n\n\n\n<p>Lozoya Austin ofreci\u00f3 presentar ante la FGR a su exsecretario particular, Rodrigo Arteaga Santoyo, y a Francisco Olascoaga Rodr\u00edguez, como testigos en el caso de los sobornos que supuestamente recibieron algunos legisladores para aprobar la reforma energ\u00e9tica en el sexenio del expresidente Enrique Pe\u00f1a Nieto.<\/p>\n\n\n\n<p>Sin embargo, ambos se niegan a confirmar los hechos, por lo que la FGR abri\u00f3 carpeta de investigaci\u00f3n en su contra.<\/p>\n","protected":false},"excerpt":{"rendered":"<p>Por el momento, Francisco Olascoaga Rodr\u00edguez, excolaborador de Emilio Lozoya Austin, no podr\u00e1 ser detenido por delitos que no ameriten prisi\u00f3n preventiva oficiosa porque un juez con residencia en el Estado de M\u00e9xico le concedi\u00f3 una suspensi\u00f3n definitiva en el amparo, que tramit\u00f3 para protegerse de cualquier orden de captura en su contra y su [&hellip;]<\/p>\n","protected":false},"author":4,"featured_media":19053,"comment_status":"open","ping_status":"open","sticky":false,"template":"","format":"standard","meta":{"om_disable_all_campaigns":false,"_monsterinsights_skip_tracking":false,"_monsterinsights_sitenote_active":false,"_monsterinsights_sitenote_note":"","_monsterinsights_sitenote_category":0,"footnotes":""},"categories":[176],"tags":[],"class_list":["post-19052","post","type-post","status-publish","format-standard","has-post-thumbnail","hentry","category-nacional"],"amp_enabled":true,"_links":{"self":[{"href":"https:\/\/lahora.mx\/index.php\/wp-json\/wp\/v2\/posts\/19052","targetHints":{"allow":["GET"]}}],"collection":[{"href":"https:\/\/lahora.mx\/index.php\/wp-json\/wp\/v2\/posts"}],"about":[{"href":"https:\/\/lahora.mx\/index.php\/wp-json\/wp\/v2\/types\/post"}],"author":[{"embeddable":true,"href":"https:\/\/lahora.mx\/index.php\/wp-json\/wp\/v2\/users\/4"}],"replies":[{"embeddable":true,"href":"https:\/\/lahora.mx\/index.php\/wp-json\/wp\/v2\/comments?post=19052"}],"version-history":[{"count":1,"href":"https:\/\/lahora.mx\/index.php\/wp-json\/wp\/v2\/posts\/19052\/revisions"}],"predecessor-version":[{"id":19054,"href":"https:\/\/lahora.mx\/index.php\/wp-json\/wp\/v2\/posts\/19052\/revisions\/19054"}],"wp:featuredmedia":[{"embeddable":true,"href":"https:\/\/lahora.mx\/index.php\/wp-json\/wp\/v2\/media\/19053"}],"wp:attachment":[{"href":"https:\/\/lahora.mx\/index.php\/wp-json\/wp\/v2\/media?parent=19052"}],"wp:term":[{"taxonomy":"category","embeddable":true,"href":"https:\/\/lahora.mx\/index.php\/wp-json\/wp\/v2\/categories?post=19052"},{"taxonomy":"post_tag","embeddable":true,"href":"https:\/\/lahora.mx\/index.php\/wp-json\/wp\/v2\/tags?post=19052"}],"curies":[{"name":"wp","href":"https:\/\/api.w.org\/{rel}","templated":true}]}}