{"id":19049,"date":"2023-01-04T18:34:50","date_gmt":"2023-01-04T18:34:50","guid":{"rendered":"http:\/\/lahora.mx\/?p=19049"},"modified":"2023-01-04T18:34:51","modified_gmt":"2023-01-04T18:34:51","slug":"el-regreso-a-clases-en-slp-sera-hibrido-por-repunte-de-contagios-de-covid","status":"publish","type":"post","link":"https:\/\/lahora.mx\/index.php\/2023\/01\/04\/el-regreso-a-clases-en-slp-sera-hibrido-por-repunte-de-contagios-de-covid\/","title":{"rendered":"El regreso a clases en SLP ser\u00e1 h\u00edbrido por repunte de contagios de covid"},"content":{"rendered":"\n<p>La Secretar\u00eda de Educaci\u00f3n de Gobierno del Estado (SEGE) en San Luis Potos\u00ed, el regreso a clases programado para el pr\u00f3ximo 9 de enero ser\u00e1 h\u00edbrido. A partir del lunes 16 de enero ser\u00e1 de manera presencial, mencion\u00f3 el secretario de Salud, Daniel Acosta D\u00edaz de Le\u00f3n.<\/p>\n\n\n\n<p>La decisi\u00f3n se tom\u00f3 por recomendaci\u00f3n de la Secretar\u00eda de Salud estatal y como \u201cuna medida de prevenci\u00f3n\u201d ante el incremento de contagios por covid-19.<\/p>\n\n\n\n<p>A trav\u00e9s de un comunicado se indic\u00f3 que esta medida ser\u00e1 por una semana en niveles de educaci\u00f3n b\u00e1sica y \u201clos niveles Medio Superior y Superior deber\u00e1n sumarse\u201d, aunque son \u201cconscientes de las necesidades de aprendizaje\u201d en estas etapas.<br>Se pide a la poblaci\u00f3n \u201cmantener en todo momento los protocolos sanitarios que desde inicio y hasta el momento se han venido utilizando de manera obligatoria en todos los centros escolares\u201d.<\/p>\n\n\n\n<p>El comunicado de la Secretar\u00eda de Educaci\u00f3n de Gobierno del Estado est\u00e1 fechado el pasado 3 de enero.<\/p>\n\n\n\n<p>La \u00faltima semana del 2022, se retom\u00f3 el \u201cuso obligatorio del cubrebocas tanto en espacios cerrados como abiertos\u201d.<\/p>\n","protected":false},"excerpt":{"rendered":"<p>La Secretar\u00eda de Educaci\u00f3n de Gobierno del Estado (SEGE) en San Luis Potos\u00ed, el regreso a clases programado para el pr\u00f3ximo 9 de enero ser\u00e1 h\u00edbrido. A partir del lunes 16 de enero ser\u00e1 de manera presencial, mencion\u00f3 el secretario de Salud, Daniel Acosta D\u00edaz de Le\u00f3n. La decisi\u00f3n se tom\u00f3 por recomendaci\u00f3n de la [&hellip;]<\/p>\n","protected":false},"author":4,"featured_media":19050,"comment_status":"open","ping_status":"open","sticky":false,"template":"","format":"standard","meta":{"om_disable_all_campaigns":false,"_monsterinsights_skip_tracking":false,"_monsterinsights_sitenote_active":false,"_monsterinsights_sitenote_note":"","_monsterinsights_sitenote_category":0,"footnotes":""},"categories":[176],"tags":[],"class_list":["post-19049","post","type-post","status-publish","format-standard","has-post-thumbnail","hentry","category-nacional"],"amp_enabled":true,"_links":{"self":[{"href":"https:\/\/lahora.mx\/index.php\/wp-json\/wp\/v2\/posts\/19049","targetHints":{"allow":["GET"]}}],"collection":[{"href":"https:\/\/lahora.mx\/index.php\/wp-json\/wp\/v2\/posts"}],"about":[{"href":"https:\/\/lahora.mx\/index.php\/wp-json\/wp\/v2\/types\/post"}],"author":[{"embeddable":true,"href":"https:\/\/lahora.mx\/index.php\/wp-json\/wp\/v2\/users\/4"}],"replies":[{"embeddable":true,"href":"https:\/\/lahora.mx\/index.php\/wp-json\/wp\/v2\/comments?post=19049"}],"version-history":[{"count":1,"href":"https:\/\/lahora.mx\/index.php\/wp-json\/wp\/v2\/posts\/19049\/revisions"}],"predecessor-version":[{"id":19051,"href":"https:\/\/lahora.mx\/index.php\/wp-json\/wp\/v2\/posts\/19049\/revisions\/19051"}],"wp:featuredmedia":[{"embeddable":true,"href":"https:\/\/lahora.mx\/index.php\/wp-json\/wp\/v2\/media\/19050"}],"wp:attachment":[{"href":"https:\/\/lahora.mx\/index.php\/wp-json\/wp\/v2\/media?parent=19049"}],"wp:term":[{"taxonomy":"category","embeddable":true,"href":"https:\/\/lahora.mx\/index.php\/wp-json\/wp\/v2\/categories?post=19049"},{"taxonomy":"post_tag","embeddable":true,"href":"https:\/\/lahora.mx\/index.php\/wp-json\/wp\/v2\/tags?post=19049"}],"curies":[{"name":"wp","href":"https:\/\/api.w.org\/{rel}","templated":true}]}}