{"id":19043,"date":"2023-01-04T18:06:05","date_gmt":"2023-01-04T18:06:05","guid":{"rendered":"http:\/\/lahora.mx\/?p=19043"},"modified":"2023-01-04T18:06:05","modified_gmt":"2023-01-04T18:06:05","slug":"un-refuerzo-en-politicas-para-atender-desaparicion-de-mujeres-en-puebla-sergio-salomon-cespedes","status":"publish","type":"post","link":"https:\/\/lahora.mx\/index.php\/2023\/01\/04\/un-refuerzo-en-politicas-para-atender-desaparicion-de-mujeres-en-puebla-sergio-salomon-cespedes\/","title":{"rendered":"Un refuerzo en pol\u00edticas para atender desaparici\u00f3n de mujeres en Puebla: Sergio Salom\u00f3n C\u00e9spedes"},"content":{"rendered":"\n<p>El gobernador Sergio Salom\u00f3n C\u00e9spedes Peregrina dej\u00f3 en claro que se que se reforzar\u00e1n y se proyectar\u00e1n con mayor fuerza todas las pol\u00edticas p\u00fablicas relacionadas en atacar la desaparici\u00f3n de mujeres en Puebla.<br>Coment\u00f3 que su gobierno atiende y da seguimiento puntual a las acciones necesarias para atacar este terrible mal que se da en todo el pa\u00eds y en la entidad hay un compromiso de atenci\u00f3n integral con las mujeres.<\/p>\n\n\n\n<p>Luego de que se publicara a una carta abierta dirigida a su gobierno por parte de ong\u2019s donde exigen atenci\u00f3n y protecci\u00f3n a madres buscadoras; que la comisi\u00f3n estatal de b\u00fasqueda de personas entregue un informe anual de sus acciones; as\u00ed como el nomramiento de la fiscal especializada en la investigaci\u00f3n de delitos de violencia de g\u00e9nero contra las mujeres; se\u00f1al\u00f3 que siempre se atender\u00e1 esta problem\u00e1tica de manera directa con los familiares de las v\u00edcitimas.<\/p>\n\n\n\n<p>\u00ab\u2026 es un tema lamentable la desaparici\u00f3n de mujeres que se vive en el pa\u00eds y Puebla no es la excepci\u00f3n; como parte de los compromisos que he asumido, he girado instrucciones a la SEGOB, a Igualdad, a la subsecretar\u00eda de Derechos Humanos, a la Comisi\u00f3n de B\u00fasqueda y Fiscal\u00eda del Estado para revisar las pol\u00edticas y se proyecten con m\u00e1s fuerza\u00bb, concluy\u00f3.<\/p>\n","protected":false},"excerpt":{"rendered":"<p>El gobernador Sergio Salom\u00f3n C\u00e9spedes Peregrina dej\u00f3 en claro que se que se reforzar\u00e1n y se proyectar\u00e1n con mayor fuerza todas las pol\u00edticas p\u00fablicas relacionadas en atacar la desaparici\u00f3n de mujeres en Puebla.Coment\u00f3 que su gobierno atiende y da seguimiento puntual a las acciones necesarias para atacar este terrible mal que se da en todo [&hellip;]<\/p>\n","protected":false},"author":4,"featured_media":19044,"comment_status":"open","ping_status":"open","sticky":false,"template":"","format":"standard","meta":{"om_disable_all_campaigns":false,"_monsterinsights_skip_tracking":false,"_monsterinsights_sitenote_active":false,"_monsterinsights_sitenote_note":"","_monsterinsights_sitenote_category":0,"footnotes":""},"categories":[175],"tags":[195,223],"class_list":["post-19043","post","type-post","status-publish","format-standard","has-post-thumbnail","hentry","category-local","tag-principal","tag-puebla"],"amp_enabled":true,"_links":{"self":[{"href":"https:\/\/lahora.mx\/index.php\/wp-json\/wp\/v2\/posts\/19043","targetHints":{"allow":["GET"]}}],"collection":[{"href":"https:\/\/lahora.mx\/index.php\/wp-json\/wp\/v2\/posts"}],"about":[{"href":"https:\/\/lahora.mx\/index.php\/wp-json\/wp\/v2\/types\/post"}],"author":[{"embeddable":true,"href":"https:\/\/lahora.mx\/index.php\/wp-json\/wp\/v2\/users\/4"}],"replies":[{"embeddable":true,"href":"https:\/\/lahora.mx\/index.php\/wp-json\/wp\/v2\/comments?post=19043"}],"version-history":[{"count":1,"href":"https:\/\/lahora.mx\/index.php\/wp-json\/wp\/v2\/posts\/19043\/revisions"}],"predecessor-version":[{"id":19045,"href":"https:\/\/lahora.mx\/index.php\/wp-json\/wp\/v2\/posts\/19043\/revisions\/19045"}],"wp:featuredmedia":[{"embeddable":true,"href":"https:\/\/lahora.mx\/index.php\/wp-json\/wp\/v2\/media\/19044"}],"wp:attachment":[{"href":"https:\/\/lahora.mx\/index.php\/wp-json\/wp\/v2\/media?parent=19043"}],"wp:term":[{"taxonomy":"category","embeddable":true,"href":"https:\/\/lahora.mx\/index.php\/wp-json\/wp\/v2\/categories?post=19043"},{"taxonomy":"post_tag","embeddable":true,"href":"https:\/\/lahora.mx\/index.php\/wp-json\/wp\/v2\/tags?post=19043"}],"curies":[{"name":"wp","href":"https:\/\/api.w.org\/{rel}","templated":true}]}}