{"id":19037,"date":"2023-01-04T17:40:11","date_gmt":"2023-01-04T17:40:11","guid":{"rendered":"http:\/\/lahora.mx\/?p=19037"},"modified":"2023-01-04T17:40:12","modified_gmt":"2023-01-04T17:40:12","slug":"como-sera-el-regreso-a-clases-2023-en-escuelas-de-puebla-sera-presencial-o-en-linea","status":"publish","type":"post","link":"https:\/\/lahora.mx\/index.php\/2023\/01\/04\/como-sera-el-regreso-a-clases-2023-en-escuelas-de-puebla-sera-presencial-o-en-linea\/","title":{"rendered":"Como ser\u00e1 el regreso a clases 2023 en escuelas de Puebla: \u00bfser\u00e1 presencial o en l\u00ednea?"},"content":{"rendered":"\n<p>El regreso a clases 2023 en escuelas en Puebla est\u00e1 a la vuelta, faltan pocos d\u00edas para que los estudiantes de educaci\u00f3n b\u00e1sica retornen a las aulas, luego de que los de media superior iniciaran el curso desde el 2 de enero y que incluso la BUAP ya diera fecha de retorno, sin embargo, en medio de la sexta ola covid-19 varios padres de familia se preguntan si sus peque\u00f1os retomar\u00e1n los libros de forma presencial o en l\u00ednea.<\/p>\n\n\n\n<p>La respuesta a esta inc\u00f3gnita fue dada la ma\u00f1ana de hoy 4 de enero por el gobernador de Puebla, Sergio Salom\u00f3n C\u00e9spedes Peregrina, durante conferencia matutina en la que primero, recalc\u00f3 que la Secretar\u00eda de Salud del estado monitorea en todo momento el avance de la pandemia para establecer los mejores protocolos de actuaci\u00f3n.<br>\u201cNinguna de las acciones que se est\u00e1n dando por parte del gobierno se hacen sin el visto bueno del secretario de Salud, es un acuerdo que tomamos que nos permite tener una prevenci\u00f3n clara\u201d.<\/p>\n\n\n\n<p>\u00bfRegreso a clases en Puebla 2023 ser\u00e1 en l\u00ednea o presencial?<\/p>\n\n\n\n<p>Tras dar a conocer que todo est\u00e1 listo por parte de la Secretar\u00eda de Educaci\u00f3n P\u00fablica y la de Salud, el gobernador C\u00e9spedes se\u00f1al\u00f3 que el regreso a clases 2023 en escuelas en Puebla ser\u00e1 presencial<\/p>\n\n\n\n<p>\u201cEntonces est\u00e1n los protocolos establecidos para que el regreso sea presencial y sea de una forma segura, sana y privilegiando a las familias\u201d<\/p>\n\n\n\n<p>De igual forma el gobernador C\u00e9spedes llam\u00f3 a las familias poblanas a reforzar las medidas de sanidad para evitar contagios, tales como el uso obligatorio de cubreboca, como se hab\u00eda anunciado desde hace un par de semanas.<\/p>\n\n\n\n<p>\u201cEs tan importante el llamado a la conciencia social para que busquemos que este tema de prevenci\u00f3n nos permita que nuestros ni\u00f1os en muy pocos d\u00edas puedan regresar a sus escuelas de una forma normal y sana, pero tenemos todos que acatar las instrucciones\u201d.<\/p>\n\n\n\n<p>\u00bfCu\u00e1ndo es el regreso a clases 2023 en escuelas en Puebla?<br>De acuerdo con el calendario de la SEP el regreso a clases 2023 en escuelas en Puebla para educaci\u00f3n b\u00e1sica est\u00e1 marcado el d\u00eda 9 de enero, aunque los docentes ya est\u00e1n de vuelta en las aulas desde el pasado 2 de enero debido a que se encuentran en el \u201cSegundo Taller Intensivo de Formaci\u00f3n Continua para Docentes: Planes y Programas de Estudio de la Educaci\u00f3n B\u00e1sica 2022\u201d.<\/p>\n","protected":false},"excerpt":{"rendered":"<p>El regreso a clases 2023 en escuelas en Puebla est\u00e1 a la vuelta, faltan pocos d\u00edas para que los estudiantes de educaci\u00f3n b\u00e1sica retornen a las aulas, luego de que los de media superior iniciaran el curso desde el 2 de enero y que incluso la BUAP ya diera fecha de retorno, sin embargo, en [&hellip;]<\/p>\n","protected":false},"author":4,"featured_media":19038,"comment_status":"open","ping_status":"open","sticky":false,"template":"","format":"standard","meta":{"om_disable_all_campaigns":false,"_monsterinsights_skip_tracking":false,"_monsterinsights_sitenote_active":false,"_monsterinsights_sitenote_note":"","_monsterinsights_sitenote_category":0,"footnotes":""},"categories":[175],"tags":[223],"class_list":["post-19037","post","type-post","status-publish","format-standard","has-post-thumbnail","hentry","category-local","tag-puebla"],"amp_enabled":true,"_links":{"self":[{"href":"https:\/\/lahora.mx\/index.php\/wp-json\/wp\/v2\/posts\/19037","targetHints":{"allow":["GET"]}}],"collection":[{"href":"https:\/\/lahora.mx\/index.php\/wp-json\/wp\/v2\/posts"}],"about":[{"href":"https:\/\/lahora.mx\/index.php\/wp-json\/wp\/v2\/types\/post"}],"author":[{"embeddable":true,"href":"https:\/\/lahora.mx\/index.php\/wp-json\/wp\/v2\/users\/4"}],"replies":[{"embeddable":true,"href":"https:\/\/lahora.mx\/index.php\/wp-json\/wp\/v2\/comments?post=19037"}],"version-history":[{"count":1,"href":"https:\/\/lahora.mx\/index.php\/wp-json\/wp\/v2\/posts\/19037\/revisions"}],"predecessor-version":[{"id":19039,"href":"https:\/\/lahora.mx\/index.php\/wp-json\/wp\/v2\/posts\/19037\/revisions\/19039"}],"wp:featuredmedia":[{"embeddable":true,"href":"https:\/\/lahora.mx\/index.php\/wp-json\/wp\/v2\/media\/19038"}],"wp:attachment":[{"href":"https:\/\/lahora.mx\/index.php\/wp-json\/wp\/v2\/media?parent=19037"}],"wp:term":[{"taxonomy":"category","embeddable":true,"href":"https:\/\/lahora.mx\/index.php\/wp-json\/wp\/v2\/categories?post=19037"},{"taxonomy":"post_tag","embeddable":true,"href":"https:\/\/lahora.mx\/index.php\/wp-json\/wp\/v2\/tags?post=19037"}],"curies":[{"name":"wp","href":"https:\/\/api.w.org\/{rel}","templated":true}]}}